{"id":511403,"date":"2017-12-05T18:23:36","date_gmt":"2017-12-06T00:23:36","guid":{"rendered":"https:\/\/www.futboltotal.com.mx\/?p=511403"},"modified":"2017-12-05T18:23:36","modified_gmt":"2017-12-06T00:23:36","slug":"la-salvacion-veracruz-sera-dificil-pedro-gallese","status":"publish","type":"post","link":"http:\/\/desarrollo.grupomedios.com\/futbol\/futbol-mexicano\/la-salvacion-veracruz-sera-dificil-pedro-gallese\/2017\/12","title":{"rendered":"La salvaci\u00f3n de Veracruz ser\u00e1 muy dif\u00edcil: Pedro Gallese"},"content":{"rendered":"<p><strong>POR: EFE<\/strong><\/p>\n<p><span id=\"ctl14_lblMostra\">El portero peruano <strong>Pedro Gallese<\/strong> del Veracruz, calific\u00f3 hoy de dif\u00edcil el reto de su equipo de escapar de la amenaza del descenso, pero confi\u00f3 en el compromiso del grupo en el <strong>Torneo Clausura 2018<\/strong>.<\/p>\n<p>&#8220;El compromiso tiene que ser de todos para salir del hoyo en el que estamos, la verdad es una situaci\u00f3n dif\u00edcil y depende de nosotros salir adelante&#8221;, se\u00f1al\u00f3 el portero integrante de la selecci\u00f3n de su pa\u00eds.<\/p>\n<p>Gallese originario de Lima, explic\u00f3 que en el campeonato de liga, que inicia el 5 de enero, todos los partidos deber\u00e1n jugarlos como finales para buscar siempre los tres puntos y salir del \u00faltimo lugar de la tabla de cocientes que decidir\u00e1 el descenso en mayo del 2018.<\/p>\n<p>El Veracruz del entrenador mexicano <strong>Guillermo V\u00e1zquez<\/strong> suma 88 puntos en los \u00faltimos cinco torneos, ocho menos que el Quer\u00e9taro y 13 abajo de Puebla y Atlas por lo que debe hilvanar una racha ganadora en el Apertura para conservar un puesto en la Primera Divisi\u00f3n.<\/span><\/p>\n<p style=\"text-align: center;\"><span id=\"ctl14_lblMostra\"><span style=\"color: #333399;\"><a href=\"https:\/\/www.futboltotal.com.mx\/futbol-mexicano\/santos-presenta-a-sus-refuerzos-clausura-2018\/2017\/12\">VER M\u00c1S: <span class=\"item-title\">Santos presenta a sus refuerzos para el Clausura 2018<\/span><\/a><\/span><\/span><\/p>\n<p style=\"text-align: left;\"><span id=\"ctl14_lblMostra\"><span style=\"color: #333399;\"><\/span>&#8220;El \u00e1nimo en mis compa\u00f1eros ha mejorado bastante, todos nos queremos mostrar para estar en el once titular y eso nos va a ayudar&#8221;, agreg\u00f3 el arquero.<\/p>\n<p>Gallese cumpli\u00f3 una destaca participaci\u00f3n en la eliminatoria mundialista de la Conmebol en la que Per\u00fa gan\u00f3 un boleto al <strong>Mundial de Rusia 2018<\/strong>, regres\u00f3 a M\u00e9xico de buen \u00e1nimo, listo para ayudar al equipo a cumplir sus metas.<\/p>\n<p>&#8220;Llego con nuevo aires, a demostrar lo que uno viene haciendo en la selecci\u00f3n para mejor\u00eda del equipo&#8221;, dijo.<\/p>\n<p>Hoy, en la continuaci\u00f3n de sus entrenamientos para el Apertura, el Veracruz ensay\u00f3 el golpeo y la conducci\u00f3n de la pelota y m\u00e1s tarde, con el grupo dividido, los jugadores practicaron en env\u00edo de centros desde las bandas y los disparos a puerta.<\/span><\/p>\n","protected":false},"excerpt":{"rendered":"<p>El peruano sabe que los Tiburones no la tienen f\u00e0cil<\/p>\n","protected":false},"author":160,"featured_media":511405,"comment_status":"closed","ping_status":"closed","sticky":false,"template":"","format":"standard","meta":[],"categories":[2198,3845],"tags":[7204,6049],"_links":{"self":[{"href":"http:\/\/desarrollo.grupomedios.com\/futbol\/wp-json\/wp\/v2\/posts\/511403"}],"collection":[{"href":"http:\/\/desarrollo.grupomedios.com\/futbol\/wp-json\/wp\/v2\/posts"}],"about":[{"href":"http:\/\/desarrollo.grupomedios.com\/futbol\/wp-json\/wp\/v2\/types\/post"}],"author":[{"embeddable":true,"href":"http:\/\/desarrollo.grupomedios.com\/futbol\/wp-json\/wp\/v2\/users\/160"}],"replies":[{"embeddable":true,"href":"http:\/\/desarrollo.grupomedios.com\/futbol\/wp-json\/wp\/v2\/comments?post=511403"}],"version-history":[{"count":1,"href":"http:\/\/desarrollo.grupomedios.com\/futbol\/wp-json\/wp\/v2\/posts\/511403\/revisions"}],"predecessor-version":[{"id":511407,"href":"http:\/\/desarrollo.grupomedios.com\/futbol\/wp-json\/wp\/v2\/posts\/511403\/revisions\/511407"}],"wp:featuredmedia":[{"embeddable":true,"href":"http:\/\/desarrollo.grupomedios.com\/futbol\/wp-json\/wp\/v2\/media\/511405"}],"wp:attachment":[{"href":"http:\/\/desarrollo.grupomedios.com\/futbol\/wp-json\/wp\/v2\/media?parent=511403"}],"wp:term":[{"taxonomy":"category","embeddable":true,"href":"http:\/\/desarrollo.grupomedios.com\/futbol\/wp-json\/wp\/v2\/categories?post=511403"},{"taxonomy":"post_tag","embeddable":true,"href":"http:\/\/desarrollo.grupomedios.com\/futbol\/wp-json\/wp\/v2\/tags?post=511403"}],"curies":[{"name":"wp","href":"https:\/\/api.w.org\/{rel}","templated":true}]}}