{"id":511470,"date":"2017-12-06T15:54:48","date_gmt":"2017-12-06T21:54:48","guid":{"rendered":"https:\/\/www.futboltotal.com.mx\/?p=511470"},"modified":"2017-12-06T15:55:29","modified_gmt":"2017-12-06T21:55:29","slug":"porto-5-2-monaco-champions-league-2017-resumen","status":"publish","type":"post","link":"http:\/\/desarrollo.grupomedios.com\/futbol\/destacado-home\/porto-5-2-monaco-champions-league-2017-resumen\/2017\/12","title":{"rendered":"Porto y mexicanos aplastan al M\u00f3naco para ir a Octavos de Champions"},"content":{"rendered":"<p>El <strong>Porto<\/strong> firm\u00f3 este mi\u00e9rcoles su pase a octavos de la <strong>Champions League<\/strong> como segundo de grupo con una goleada (5-2) sobre el M\u00f3naco, que cerr\u00f3 un decepcionante paso por <strong>Europa<\/strong> y est\u00e1 fuera de las competiciones continentales.<\/p>\n<blockquote class=\"twitter-tweet\" data-width=\"500\">\n<p lang=\"pt\" dir=\"ltr\">Final de Jogo \/ End of the match \/ Final del Partido<\/p>\n<p>9&#39; [1-0] Aboubakar \u26bd<br \/>33&#39; [2-0] Aboubakar \u26bd<br \/>45&#39; [3-0] Brahimi \u26bd<br \/>61&#39; [3-1] Glik \u26bd<br \/>65&#39; [4-1] Alex Telles \u26bd<br \/>78&#39; [4-2] Falcao \u26bd<br \/>88&#39; [5-2] Soares \u26bd<a href=\"https:\/\/twitter.com\/hashtag\/FCPorto?src=hash&amp;ref_src=twsrc%5Etfw\">#FCPorto<\/a> <a href=\"https:\/\/twitter.com\/hashtag\/FCPASM?src=hash&amp;ref_src=twsrc%5Etfw\">#FCPASM<\/a> <a href=\"https:\/\/twitter.com\/hashtag\/UCL?src=hash&amp;ref_src=twsrc%5Etfw\">#UCL<\/a> <a href=\"https:\/\/t.co\/ogrIO54e4n\">pic.twitter.com\/ogrIO54e4n<\/a><\/p>\n<p>&mdash; FC Porto (@FCPorto) <a href=\"https:\/\/twitter.com\/FCPorto\/status\/938522432025088000?ref_src=twsrc%5Etfw\">December 6, 2017<\/a><\/p><\/blockquote>\n<p><script async src=\"https:\/\/platform.twitter.com\/widgets.js\" charset=\"utf-8\"><\/script><\/p>\n<p>El camerun\u00e9s Aboubakar lanz\u00f3 a los &#8220;dragones&#8221; con dos goles y una asistencia s\u00f3lo en la primera parte de un partido en el que los franceses no llegaron a representar una amenaza real a las aspiraciones del Porto.<\/p>\n<p>El argelino <strong>Brahimi<\/strong> y los brasile\u00f1os <strong>Alex Telles<\/strong> y Soares marcaron los otros goles portugueses, que permitieron la victoria frente a los tantos de <strong>Glik<\/strong> (de penalti) y del colombiano <strong>Radamel Falcao<\/strong>, que vivi\u00f3 un regreso agridulce al equipo que le lanz\u00f3 al f\u00fatbol europeo.<\/p>\n<blockquote class=\"twitter-video\" data-lang=\"es\">\n<p dir=\"ltr\" lang=\"en\">Got to love a good messed up celebration!&#x1f602; <a href=\"https:\/\/twitter.com\/hashtag\/aboubakar?src=hash&amp;ref_src=twsrc%5Etfw\">#aboubakar<\/a> <a href=\"https:\/\/t.co\/iZEAkLPDSv\">pic.twitter.com\/iZEAkLPDSv<\/a><\/p>\n<p>\u2014 oliver ince (@ollyince) <a href=\"https:\/\/twitter.com\/ollyince\/status\/938516189009018881?ref_src=twsrc%5Etfw\">6 de diciembre de 2017<\/a><\/p><\/blockquote>\n<p><script async src=\"https:\/\/platform.twitter.com\/widgets.js\" charset=\"utf-8\"><\/script><\/p>\n<p>El Porto era el \u00fanico que se jugaba algo en el encuentro, ya que no ten\u00eda asegurado su pase a octavos, mientras que el M\u00f3naco ni siquiera aspiraba a la <strong>Europa League<\/strong>.<\/p>\n<p><strong>Soares,<\/strong> que sali\u00f3 para sustituir a Aboubakar, cerr\u00f3 la goleada casi al final con un tanto de cabeza a un centro del mexicano Corona.<\/p>\n<p>Con la goleada, el Oporto pasa a octavos como segundo del grupo G, por detr\u00e1s del <strong>Besiktas<\/strong> turco, mientras que el Leipzig alem\u00e1n consigui\u00f3 el pase a la Liga Europa.<\/p>\n","protected":false},"excerpt":{"rendered":"<p>Diego Reyes, H\u00e9ctor Herrera y Tecatito Corona jugaron con los Dragones.<\/p>\n","protected":false},"author":129,"featured_media":511472,"comment_status":"closed","ping_status":"closed","sticky":false,"template":"","format":"standard","meta":[],"categories":[3841,5,3839],"tags":[36,6006,6214,5995,7921,6093,1208,6045],"_links":{"self":[{"href":"http:\/\/desarrollo.grupomedios.com\/futbol\/wp-json\/wp\/v2\/posts\/511470"}],"collection":[{"href":"http:\/\/desarrollo.grupomedios.com\/futbol\/wp-json\/wp\/v2\/posts"}],"about":[{"href":"http:\/\/desarrollo.grupomedios.com\/futbol\/wp-json\/wp\/v2\/types\/post"}],"author":[{"embeddable":true,"href":"http:\/\/desarrollo.grupomedios.com\/futbol\/wp-json\/wp\/v2\/users\/129"}],"replies":[{"embeddable":true,"href":"http:\/\/desarrollo.grupomedios.com\/futbol\/wp-json\/wp\/v2\/comments?post=511470"}],"version-history":[{"count":1,"href":"http:\/\/desarrollo.grupomedios.com\/futbol\/wp-json\/wp\/v2\/posts\/511470\/revisions"}],"predecessor-version":[{"id":511475,"href":"http:\/\/desarrollo.grupomedios.com\/futbol\/wp-json\/wp\/v2\/posts\/511470\/revisions\/511475"}],"wp:featuredmedia":[{"embeddable":true,"href":"http:\/\/desarrollo.grupomedios.com\/futbol\/wp-json\/wp\/v2\/media\/511472"}],"wp:attachment":[{"href":"http:\/\/desarrollo.grupomedios.com\/futbol\/wp-json\/wp\/v2\/media?parent=511470"}],"wp:term":[{"taxonomy":"category","embeddable":true,"href":"http:\/\/desarrollo.grupomedios.com\/futbol\/wp-json\/wp\/v2\/categories?post=511470"},{"taxonomy":"post_tag","embeddable":true,"href":"http:\/\/desarrollo.grupomedios.com\/futbol\/wp-json\/wp\/v2\/tags?post=511470"}],"curies":[{"name":"wp","href":"https:\/\/api.w.org\/{rel}","templated":true}]}}