{"id":511492,"date":"2017-12-06T19:08:38","date_gmt":"2017-12-07T01:08:38","guid":{"rendered":"https:\/\/www.futboltotal.com.mx\/?p=511492"},"modified":"2017-12-06T19:08:38","modified_gmt":"2017-12-07T01:08:38","slug":"la-memorable-reaccion-lionel-messi-al-hablar-sus-hijos","status":"publish","type":"post","link":"http:\/\/desarrollo.grupomedios.com\/futbol\/videos\/la-memorable-reaccion-lionel-messi-al-hablar-sus-hijos\/2017\/12","title":{"rendered":"La memorable reacci\u00f3n de Lionel Messi al hablar de sus hijos"},"content":{"rendered":"<p><strong>POR: STAFF FT<\/strong><\/p>\n<p><strong>Lionel Messi<\/strong> es uno de los futbolistas m\u00e1s importantes del momento, y como siempre para muchos considerado el mejor jugador del mundo, tuvo una reacci\u00f3n muy particular cuando en una entrevista se le pregunt\u00f3 sobre sus hijos.<\/p>\n<p>Messi declar\u00f3 para la cadena <em>TyC Sports <\/em>que entre sus hijos <strong>Thiago y Mateo<\/strong> existen algunas notables diferencias.<\/p>\n<p>&#8220;Thiago es un fen\u00f3meno, es un buen ni\u00f1o, y Mateo, oh Mateo es un hijo de pu&#8230;, es terrible (entre bromas) pero es bueno que sean diferentes&#8221;, se\u00f1al\u00f3 Messi.<\/p>\n<p style=\"text-align: center;\"><span style=\"color: #333399;\"><a href=\"https:\/\/www.futboltotal.com.mx\/destacado-home\/los-16-calificados-a-los-octavos-final-la-champions-league\/2017\/12\">VER M\u00c1S: <span class=\"item-title\">Los 16 calificados a los octavos de final de la Champions League<\/span><\/a><\/span><\/p>\n<p>Y la &#8216;Pulga&#8217; tambi\u00e9n dijo qui\u00e9n de sus v\u00e1stagos maneja mejor la bola. &#8220;Mateo patea, es m\u00e1s coordinado, le pega bien, pero es chiquito&#8221;.<\/p>\n<blockquote class=\"twitter-video\" data-lang=\"es\">\n<p dir=\"ltr\" lang=\"es\">&#8220;Thiago es un fen\u00f3meno, Mateo es un&#8230;&#8221;  <a href=\"https:\/\/t.co\/2Q4WdffwpM\">pic.twitter.com\/2Q4WdffwpM<\/a><\/p>\n<p>\u2014 TyC Sports (@TyCSports) <a href=\"https:\/\/twitter.com\/TyCSports\/status\/938482843952414720?ref_src=twsrc%5Etfw\">6 de diciembre de 2017<\/a><\/p><\/blockquote>\n<p><script async src=\"https:\/\/platform.twitter.com\/widgets.js\" charset=\"utf-8\"><\/script><\/p>\n","protected":false},"excerpt":{"rendered":"<p>El delantero argentino destac\u00f3 algunas diferencias de ellos<\/p>\n","protected":false},"author":160,"featured_media":511493,"comment_status":"closed","ping_status":"closed","sticky":false,"template":"","format":"standard","meta":[],"categories":[3839,3844,4],"tags":[5996,5984,6012],"_links":{"self":[{"href":"http:\/\/desarrollo.grupomedios.com\/futbol\/wp-json\/wp\/v2\/posts\/511492"}],"collection":[{"href":"http:\/\/desarrollo.grupomedios.com\/futbol\/wp-json\/wp\/v2\/posts"}],"about":[{"href":"http:\/\/desarrollo.grupomedios.com\/futbol\/wp-json\/wp\/v2\/types\/post"}],"author":[{"embeddable":true,"href":"http:\/\/desarrollo.grupomedios.com\/futbol\/wp-json\/wp\/v2\/users\/160"}],"replies":[{"embeddable":true,"href":"http:\/\/desarrollo.grupomedios.com\/futbol\/wp-json\/wp\/v2\/comments?post=511492"}],"version-history":[{"count":1,"href":"http:\/\/desarrollo.grupomedios.com\/futbol\/wp-json\/wp\/v2\/posts\/511492\/revisions"}],"predecessor-version":[{"id":511494,"href":"http:\/\/desarrollo.grupomedios.com\/futbol\/wp-json\/wp\/v2\/posts\/511492\/revisions\/511494"}],"wp:featuredmedia":[{"embeddable":true,"href":"http:\/\/desarrollo.grupomedios.com\/futbol\/wp-json\/wp\/v2\/media\/511493"}],"wp:attachment":[{"href":"http:\/\/desarrollo.grupomedios.com\/futbol\/wp-json\/wp\/v2\/media?parent=511492"}],"wp:term":[{"taxonomy":"category","embeddable":true,"href":"http:\/\/desarrollo.grupomedios.com\/futbol\/wp-json\/wp\/v2\/categories?post=511492"},{"taxonomy":"post_tag","embeddable":true,"href":"http:\/\/desarrollo.grupomedios.com\/futbol\/wp-json\/wp\/v2\/tags?post=511492"}],"curies":[{"name":"wp","href":"https:\/\/api.w.org\/{rel}","templated":true}]}}