{"id":511495,"date":"2017-12-06T19:41:48","date_gmt":"2017-12-07T01:41:48","guid":{"rendered":"https:\/\/www.futboltotal.com.mx\/?p=511495"},"modified":"2017-12-06T19:41:48","modified_gmt":"2017-12-07T01:41:48","slug":"cuanto-cuesta-abrir-la-senal-en-nuevo-leon-la-final","status":"publish","type":"post","link":"http:\/\/desarrollo.grupomedios.com\/futbol\/destacado-home\/cuanto-cuesta-abrir-la-senal-en-nuevo-leon-la-final\/2017\/12","title":{"rendered":"\u00bfCu\u00e1nto cuesta abrir la se\u00f1al en Nuevo Le\u00f3n para la Final?"},"content":{"rendered":"<p><strong>POR: STAFF FT<\/strong><\/p>\n<p>El gobernador del estado de Nuevo Le\u00f3n, <strong>Jaime Rodr\u00edguez Calder\u00f3n<\/strong>, dio a conocer cu\u00e1l es la cifra que necesita el gobierno para dar a la televisora que tiene los derechos de la Final entre <strong>Monterrey y Tigres<\/strong>.<\/p>\n<p>El &#8220;Bronco&#8221; en conferencia de prensa previa al d\u00eda de medios que se tiene entre ambas instituciones, se\u00f1al\u00f3 que son 45 millones de pesos los que tendr\u00eda que invertir el estado para poder transmitir los dos partidos de la <strong>Final del Torneo Apertura 2017 en Nuevo Le\u00f3n<\/strong>.<\/p>\n<p>Jaime Rodr\u00edguez coment\u00f3 que la cifra que pide la televisora para que se puedan ver los partidos sin necesidad del <strong>Pago por Evento<\/strong> es practicamente imposible ya que el estado no cuenta con esos recursos.<\/p>\n<p style=\"text-align: center;\"><span style=\"color: #333399;\"><a href=\"https:\/\/www.futboltotal.com.mx\/destacado-home\/tv-azteca-tendra-la-final-rayados-vs-tigres\/2017\/12\">VER M\u00c1S: <span class=\"item-title\">TV Azteca tendr\u00e1 la final entre Rayados vs Tigres<\/span><\/a><\/span><\/p>\n<p>Sin embargo, el gobernador de Nuevo Le\u00f3n coment\u00f3 que se est\u00e1 buscando negociar de forma ardua para lograr que ma\u00f1ana a las 20:00 horas, la mayor parte de la poblaci\u00f3n pueda disfrutar de la in\u00e9dita final.<\/p>\n<p>El &#8220;Cl\u00e1sico Regio&#8221; abrir\u00e1 la Final de ida en el estadio Universitario este jueves a las 20:00 horas, mientras que la vuelta ser\u00e1 este domingo a las 18:00 horas.<\/p>\n<p>&nbsp;<\/p>\n","protected":false},"excerpt":{"rendered":"<p>El gobernador Jaime Rodr\u00edguez fue quien dio a conocer esta situaci\u00f3n<\/p>\n","protected":false},"author":160,"featured_media":511496,"comment_status":"closed","ping_status":"closed","sticky":false,"template":"","format":"standard","meta":[],"categories":[5,2198,3845],"tags":[8357,1046,5966,5973],"_links":{"self":[{"href":"http:\/\/desarrollo.grupomedios.com\/futbol\/wp-json\/wp\/v2\/posts\/511495"}],"collection":[{"href":"http:\/\/desarrollo.grupomedios.com\/futbol\/wp-json\/wp\/v2\/posts"}],"about":[{"href":"http:\/\/desarrollo.grupomedios.com\/futbol\/wp-json\/wp\/v2\/types\/post"}],"author":[{"embeddable":true,"href":"http:\/\/desarrollo.grupomedios.com\/futbol\/wp-json\/wp\/v2\/users\/160"}],"replies":[{"embeddable":true,"href":"http:\/\/desarrollo.grupomedios.com\/futbol\/wp-json\/wp\/v2\/comments?post=511495"}],"version-history":[{"count":1,"href":"http:\/\/desarrollo.grupomedios.com\/futbol\/wp-json\/wp\/v2\/posts\/511495\/revisions"}],"predecessor-version":[{"id":511497,"href":"http:\/\/desarrollo.grupomedios.com\/futbol\/wp-json\/wp\/v2\/posts\/511495\/revisions\/511497"}],"wp:featuredmedia":[{"embeddable":true,"href":"http:\/\/desarrollo.grupomedios.com\/futbol\/wp-json\/wp\/v2\/media\/511496"}],"wp:attachment":[{"href":"http:\/\/desarrollo.grupomedios.com\/futbol\/wp-json\/wp\/v2\/media?parent=511495"}],"wp:term":[{"taxonomy":"category","embeddable":true,"href":"http:\/\/desarrollo.grupomedios.com\/futbol\/wp-json\/wp\/v2\/categories?post=511495"},{"taxonomy":"post_tag","embeddable":true,"href":"http:\/\/desarrollo.grupomedios.com\/futbol\/wp-json\/wp\/v2\/tags?post=511495"}],"curies":[{"name":"wp","href":"https:\/\/api.w.org\/{rel}","templated":true}]}}