{"id":511513,"date":"2017-12-07T11:19:42","date_gmt":"2017-12-07T17:19:42","guid":{"rendered":"https:\/\/www.futboltotal.com.mx\/?p=511513"},"modified":"2017-12-07T11:23:21","modified_gmt":"2017-12-07T17:23:21","slug":"cecilio-dominguez-tiene-interes-de-boca-juniors","status":"publish","type":"post","link":"http:\/\/desarrollo.grupomedios.com\/futbol\/futbol-mexicano\/cecilio-dominguez-tiene-interes-de-boca-juniors\/2017\/12","title":{"rendered":"Cecilio Dom\u00ednguez tiene el inter\u00e9s de Boca Juniors"},"content":{"rendered":"<p><strong>POR: STAFF FT<\/strong><\/p>\n<p>Los rumores de las<strong> \u00c1guilas del Am\u00e9rica<\/strong> siguen a todo lo que da y uno de los principales se\u00f1alados a marcharse del cuadro de Coapa es el paraguayo, <strong>Cecilio Dom\u00ednguez<\/strong>, quien ahora ha sido colocado en la mira de <strong>Boca Juniors<\/strong> de Argentina donde tendr\u00edan la intenci\u00f3n de ficharlo para el siguiente semestre.<\/p>\n<p>De acuerdo al programa\u00a0F\u00fatbol a lo Grande, el equipo <strong>Xeneize<\/strong> desea hacerse con los servicios del mediocampista ofensivo, sin embargo hay dos cosas que detienen la transacci\u00f3n; una es el precio, pues los azulcremas piden <strong>8 millones de d\u00f3lares<\/strong> por el paraguayo y el otro ser\u00eda el cupo de extranjeros que tienen;\u00a0<strong>&#8220;Dominguez interesa pero el cupo de extranjeros se tiene que definir&#8221;<\/strong>, indic\u00f3 el periodista Leandro Aguilera.<\/p>\n<p style=\"text-align: center;\"><a href=\"https:\/\/www.futboltotal.com.mx\/futbol-mexicano\/liga-mx\/cruz-azul-cambiaria-a-djanniny-tavares-martin-cauteruccio\/2017\/12\">VER M\u00c1S: Cruz Azul desea cambio Djanniny Tavares-Mart\u00edn Cauteruccio<\/a><\/p>\n<p>&#8220;Cecilio sigue en carpeta desde hace tiempo y\u00a0<strong>Guillermo Barros Schelotto<\/strong>\u00a0lo tiene en mente&#8221;, agreg\u00f3 el periodista, adem\u00e1s de el posible pase de Dom\u00ednguez hay otra cuesti\u00f3n pues otros dos equipos estar\u00edan inmiscuidos en la transacci\u00f3n, <strong>&#8220;el 10% del pase de Cecilio tenemos nosotros y el otro 10% tiene Cerro&#8221;<\/strong>, estableci\u00f3 el presidente de Sol de Am\u00e9rica,\u00a0Miguel Figueredo.<\/p>\n<p>De darse este fichaje <strong>Cecilio Dom\u00ednguez<\/strong> seguir\u00eda el paso de otros jugadores azulcremas que se marchan al conjunto de Boca Juniors, como <strong>Dar\u00edo Benedetto y Paolo Goltz<\/strong>, quienes ahora militan en el cuadro <strong>Xeneize.<\/strong><\/p>\n<p style=\"text-align: center;\"><a href=\"https:\/\/www.futboltotal.com.mx\/videos\/golazo-impresionante-charlyn-corral\/2017\/12\">VER M\u00c1S: El golazo impresionante de Charlyn Corral<\/a><\/p>\n<p>&nbsp;<\/p>\n","protected":false},"excerpt":{"rendered":"<p>El paraguayo ya no estar\u00e1 con el cuadro de Coapa para el Clausura 2018<\/p>\n","protected":false},"author":159,"featured_media":511515,"comment_status":"closed","ping_status":"closed","sticky":false,"template":"","format":"standard","meta":[],"categories":[2198,3845],"tags":[5959,1683,7881,64],"_links":{"self":[{"href":"http:\/\/desarrollo.grupomedios.com\/futbol\/wp-json\/wp\/v2\/posts\/511513"}],"collection":[{"href":"http:\/\/desarrollo.grupomedios.com\/futbol\/wp-json\/wp\/v2\/posts"}],"about":[{"href":"http:\/\/desarrollo.grupomedios.com\/futbol\/wp-json\/wp\/v2\/types\/post"}],"author":[{"embeddable":true,"href":"http:\/\/desarrollo.grupomedios.com\/futbol\/wp-json\/wp\/v2\/users\/159"}],"replies":[{"embeddable":true,"href":"http:\/\/desarrollo.grupomedios.com\/futbol\/wp-json\/wp\/v2\/comments?post=511513"}],"version-history":[{"count":1,"href":"http:\/\/desarrollo.grupomedios.com\/futbol\/wp-json\/wp\/v2\/posts\/511513\/revisions"}],"predecessor-version":[{"id":511514,"href":"http:\/\/desarrollo.grupomedios.com\/futbol\/wp-json\/wp\/v2\/posts\/511513\/revisions\/511514"}],"wp:featuredmedia":[{"embeddable":true,"href":"http:\/\/desarrollo.grupomedios.com\/futbol\/wp-json\/wp\/v2\/media\/511515"}],"wp:attachment":[{"href":"http:\/\/desarrollo.grupomedios.com\/futbol\/wp-json\/wp\/v2\/media?parent=511513"}],"wp:term":[{"taxonomy":"category","embeddable":true,"href":"http:\/\/desarrollo.grupomedios.com\/futbol\/wp-json\/wp\/v2\/categories?post=511513"},{"taxonomy":"post_tag","embeddable":true,"href":"http:\/\/desarrollo.grupomedios.com\/futbol\/wp-json\/wp\/v2\/tags?post=511513"}],"curies":[{"name":"wp","href":"https:\/\/api.w.org\/{rel}","templated":true}]}}