{"id":511523,"date":"2017-12-07T13:20:11","date_gmt":"2017-12-07T19:20:11","guid":{"rendered":"https:\/\/www.futboltotal.com.mx\/?p=511523"},"modified":"2017-12-07T13:21:04","modified_gmt":"2017-12-07T19:21:04","slug":"cristiano-ronaldo-gana-quinto-balon-oro","status":"publish","type":"post","link":"http:\/\/desarrollo.grupomedios.com\/futbol\/destacado-home\/cristiano-ronaldo-gana-quinto-balon-oro\/2017\/12","title":{"rendered":"Cristiano Ronaldo gana su quinto Bal\u00f3n de Oro"},"content":{"rendered":"<p><strong>POR: STAFF FT<\/strong><\/p>\n<p>El portugu\u00e9s del<strong> Real Madrid, Cristiano Ronaldo<\/strong> recibi\u00f3 este jueves <strong>su quinto Bal\u00f3n de Oro<\/strong> en una ceremonia frente a la parisiense Torre Eiffel, lo que le convierte, junto a <strong>Lionel Messi<\/strong>, en el jugador que m\u00e1s veces ha ganado el trofeo. Se trata del segundo a\u00f1o consecutivo que gana el prestigioso galard\u00f3n, que tambi\u00e9n se anot\u00f3 en <strong>2008, 2013, 2014 y 2016.<\/strong><\/p>\n<p>En una ceremonia emotiva donde los nominados eran <strong>Lionel Messi, Neymar y Cristiano Ronaldo<\/strong>, el portugu\u00e9s termin\u00f3 por llevarse el bal\u00f3n dorado que otorga <strong>France Football,<\/strong> fue justo en la <strong>Torre Eiffel,<\/strong> donde apareci\u00f3 sosteniendo el preciado galard\u00f3n, posteriormente realizaron un video homenajeando los mejores momentos del luso, desde su paso con el <strong>Manchester United<\/strong> y ahora con el Real Madrid.<\/p>\n<blockquote class=\"twitter-video\" data-lang=\"es\">\n<p dir=\"ltr\" lang=\"es\">CRISTIANO RONALDO, GANADOR DEL BAL\u00d3N DE ORO<a href=\"https:\/\/twitter.com\/hashtag\/BalondeOroxFOX?src=hash&amp;ref_src=twsrc%5Etfw\">#BalondeOroxFOX<\/a> La espectacular Torre Eiffel vio la premiaci\u00f3n a &#8216;CR7&#8217; <a href=\"https:\/\/t.co\/IsalU6H8eu\">pic.twitter.com\/IsalU6H8eu<\/a><\/p>\n<p>\u2014 FOX Sports MX (@FOXSportsMX) <a href=\"https:\/\/twitter.com\/FOXSportsMX\/status\/938847410297626624?ref_src=twsrc%5Etfw\">7 de diciembre de 2017<\/a><\/p><\/blockquote>\n<p><script async src=\"https:\/\/platform.twitter.com\/widgets.js\" charset=\"utf-8\"><\/script><\/p>\n<p style=\"text-align: center;\"><a href=\"https:\/\/www.futboltotal.com.mx\/futbol-mexicano\/liga-mx\/cecilio-dominguez-tiene-interes-de-boca-juniors\/2017\/12\">VER M\u00c1S: Cecilio Dom\u00ednguez tiene el inter\u00e9s de Boca Juniors<\/a><\/p>\n<p><strong>Ronaldo<\/strong> el brasile\u00f1o estuvo presente en la ceremonia y declar\u00f3 al portugu\u00e9s como el mejor futbolista del momento, pues el luso gan\u00f3 <strong>LaLiga, Champions League (donde termin\u00f3 l\u00edder de goleo con 12 tantos), la Supercopa de Espa\u00f1a y la Supercopa de Europa<\/strong>. Adem\u00e1s <strong>Ra\u00fal Gonz\u00e1lez<\/strong>, leyenda merengue vaticin\u00f3 que el mejor n\u00famero &#8216;7&#8217; blanco ha sido Cristiano Ronaldo.<\/p>\n<blockquote class=\"twitter-video\" data-lang=\"es\">\n<p dir=\"ltr\" lang=\"es\">Mr.Cristiano Ronaldo \u2764\ufe0f <a href=\"https:\/\/twitter.com\/hashtag\/BallondOr?src=hash&amp;ref_src=twsrc%5Etfw\">#BallondOr<\/a> <a href=\"https:\/\/t.co\/Y9CRtaVBdi\">pic.twitter.com\/Y9CRtaVBdi<\/a><\/p>\n<p>\u2014 &#x1f451; Bunny &#x1f451; (@SRKianAbhi) <a href=\"https:\/\/twitter.com\/SRKianAbhi\/status\/938848139888472064?ref_src=twsrc%5Etfw\">7 de diciembre de 2017<\/a><\/p><\/blockquote>\n<p><script async src=\"https:\/\/platform.twitter.com\/widgets.js\" charset=\"utf-8\"><\/script><\/p>\n<p style=\"text-align: center;\"><a href=\"https:\/\/www.futboltotal.com.mx\/futbol-mexicano\/liga-mx\/mauro-boselli-dejaria-leon-la-mls\/2017\/12\">VER M\u00c1S: Mauro Boselli dejar\u00eda Le\u00f3n por la MLS<\/a><\/p>\n","protected":false},"excerpt":{"rendered":"<p>El delantero merengue logr\u00f3 el galard\u00f3n ganando varios trofeos<\/p>\n","protected":false},"author":159,"featured_media":511524,"comment_status":"closed","ping_status":"closed","sticky":false,"template":"","format":"standard","meta":[],"categories":[5,3839],"tags":[222,6013,715,5988],"_links":{"self":[{"href":"http:\/\/desarrollo.grupomedios.com\/futbol\/wp-json\/wp\/v2\/posts\/511523"}],"collection":[{"href":"http:\/\/desarrollo.grupomedios.com\/futbol\/wp-json\/wp\/v2\/posts"}],"about":[{"href":"http:\/\/desarrollo.grupomedios.com\/futbol\/wp-json\/wp\/v2\/types\/post"}],"author":[{"embeddable":true,"href":"http:\/\/desarrollo.grupomedios.com\/futbol\/wp-json\/wp\/v2\/users\/159"}],"replies":[{"embeddable":true,"href":"http:\/\/desarrollo.grupomedios.com\/futbol\/wp-json\/wp\/v2\/comments?post=511523"}],"version-history":[{"count":2,"href":"http:\/\/desarrollo.grupomedios.com\/futbol\/wp-json\/wp\/v2\/posts\/511523\/revisions"}],"predecessor-version":[{"id":511526,"href":"http:\/\/desarrollo.grupomedios.com\/futbol\/wp-json\/wp\/v2\/posts\/511523\/revisions\/511526"}],"wp:featuredmedia":[{"embeddable":true,"href":"http:\/\/desarrollo.grupomedios.com\/futbol\/wp-json\/wp\/v2\/media\/511524"}],"wp:attachment":[{"href":"http:\/\/desarrollo.grupomedios.com\/futbol\/wp-json\/wp\/v2\/media?parent=511523"}],"wp:term":[{"taxonomy":"category","embeddable":true,"href":"http:\/\/desarrollo.grupomedios.com\/futbol\/wp-json\/wp\/v2\/categories?post=511523"},{"taxonomy":"post_tag","embeddable":true,"href":"http:\/\/desarrollo.grupomedios.com\/futbol\/wp-json\/wp\/v2\/tags?post=511523"}],"curies":[{"name":"wp","href":"https:\/\/api.w.org\/{rel}","templated":true}]}}