{"id":511557,"date":"2017-12-06T18:11:03","date_gmt":"2017-12-07T00:11:03","guid":{"rendered":"https:\/\/www.futboltotal.com.mx\/?p=511557"},"modified":"2017-12-07T22:20:40","modified_gmt":"2017-12-08T04:20:40","slug":"tigres-vs-monterrey-final-ida-apertura-2017-en-vivo-minuto-a-minuto","status":"publish","type":"post","link":"http:\/\/desarrollo.grupomedios.com\/futbol\/futbol-mexicano\/tigres-vs-monterrey-final-ida-apertura-2017-en-vivo-minuto-a-minuto\/2017\/12","title":{"rendered":"Tigres vs Monterrey | Final de Ida Apertura 2017 | EN VIVO: Minuto a minuto"},"content":{"rendered":"<p>Los <strong>Tigres de la UANL<\/strong> reciben la visita de los <strong>Rayados de Monterrey<\/strong> en el juego de ida de la Final del <strong>Torneo Apertura 2017 de la Liga MX<\/strong>.<\/p>\n<iframe src=\"https:\/\/en-vivo.futboltotal.com.mx\/embed.php\/?id=469\" width=\"100%\" id=\"frame_minuto\"><\/iframe>\n<p>El &#8220;Cl\u00e1sico Regio&#8221; vivir\u00e1 la primera final de toda su historia en un duelo que levanta grandes pasiones en Nuevo Le\u00f3n.<\/p>\n<p>Los Tigres llegan con un experimentado <strong>Ricardo &#8216;Tuca&#8217; Ferretti<\/strong>, que ha llevado a su equipo a tres finales en fila, y ser\u00e1n la escuadra de experiencia en este duelo.<\/p>\n<p>Los Rayados llegan con un gran potencial en la mayor\u00eda de sus l\u00edneas, con un <strong>Antonio Mohamed<\/strong> que ya fue campe\u00f3n como entrenador y con futbolistas que buscan sed de revancha en una Final como es el caso de Jos\u00e9 Mar\u00eda Basanta, Dorlan Pab\u00f3n, quienes estuvieron en la \u00faltima disputa que tuvo el cuadro rayado con Pachuca.<\/p>\n","protected":false},"excerpt":{"rendered":"<p>Rayados y Tigres se enfrentar\u00e1n en punto de las 20:00 horas<\/p>\n","protected":false},"author":160,"featured_media":511563,"comment_status":"closed","ping_status":"closed","sticky":false,"template":"","format":"standard","meta":[],"categories":[2198,3845],"tags":[8357,4021,64,1046,5966,5973],"_links":{"self":[{"href":"http:\/\/desarrollo.grupomedios.com\/futbol\/wp-json\/wp\/v2\/posts\/511557"}],"collection":[{"href":"http:\/\/desarrollo.grupomedios.com\/futbol\/wp-json\/wp\/v2\/posts"}],"about":[{"href":"http:\/\/desarrollo.grupomedios.com\/futbol\/wp-json\/wp\/v2\/types\/post"}],"author":[{"embeddable":true,"href":"http:\/\/desarrollo.grupomedios.com\/futbol\/wp-json\/wp\/v2\/users\/160"}],"replies":[{"embeddable":true,"href":"http:\/\/desarrollo.grupomedios.com\/futbol\/wp-json\/wp\/v2\/comments?post=511557"}],"version-history":[{"count":2,"href":"http:\/\/desarrollo.grupomedios.com\/futbol\/wp-json\/wp\/v2\/posts\/511557\/revisions"}],"predecessor-version":[{"id":511564,"href":"http:\/\/desarrollo.grupomedios.com\/futbol\/wp-json\/wp\/v2\/posts\/511557\/revisions\/511564"}],"wp:featuredmedia":[{"embeddable":true,"href":"http:\/\/desarrollo.grupomedios.com\/futbol\/wp-json\/wp\/v2\/media\/511563"}],"wp:attachment":[{"href":"http:\/\/desarrollo.grupomedios.com\/futbol\/wp-json\/wp\/v2\/media?parent=511557"}],"wp:term":[{"taxonomy":"category","embeddable":true,"href":"http:\/\/desarrollo.grupomedios.com\/futbol\/wp-json\/wp\/v2\/categories?post=511557"},{"taxonomy":"post_tag","embeddable":true,"href":"http:\/\/desarrollo.grupomedios.com\/futbol\/wp-json\/wp\/v2\/tags?post=511557"}],"curies":[{"name":"wp","href":"https:\/\/api.w.org\/{rel}","templated":true}]}}