{"id":511560,"date":"2017-12-07T16:23:02","date_gmt":"2017-12-07T22:23:02","guid":{"rendered":"https:\/\/www.futboltotal.com.mx\/?p=511560"},"modified":"2017-12-07T16:23:46","modified_gmt":"2017-12-07T22:23:46","slug":"pumas-tiene-en-la-mira-al-boliviano-alejandro-chumacero","status":"publish","type":"post","link":"http:\/\/desarrollo.grupomedios.com\/futbol\/futbol-mexicano\/pumas-tiene-en-la-mira-al-boliviano-alejandro-chumacero\/2017\/12","title":{"rendered":"Pumas tiene en la mira al boliviano Alejandro Chumacero"},"content":{"rendered":"<p><strong>POR: STAFF FT<\/strong><\/p>\n<p>El cuadro de <strong>Pumas de la UNAM<\/strong> contin\u00faa sondeando el mercado en busca de nuevos refuerzos, sobre todo en la parte ofensiva y ya tendr\u00edan en la mira al mediocampista de <strong>The Strongest<\/strong>, <strong>Alejandro Chumacero<\/strong>, quien decidi\u00f3 no renovar con el club y se habla de su posible llegada a la<strong> Liga MX<\/strong> con el cuadro universitario.<\/p>\n<p>El jugador se\u00a0 ha mostrado muy cauteloso a la hora de hablar de su destino, subi\u00f3 un mensaje a su cuenta de Twitter diciendo;\u00a0\u00a0\u201c<strong>no me llamaste y me duele, pero siempre estar\u00e9 agradecido<\/strong>\u201d, el cual borr\u00f3 minutos despu\u00e9s, el cual indicar\u00eda que tom\u00f3 la decisi\u00f3n de marcharse de\u00a0The Strongest.<\/p>\n<p style=\"text-align: center;\"><a href=\"https:\/\/www.futboltotal.com.mx\/futbol-mexicano\/liga-mx\/matias-britos-regresaria-a-la-liga-mx-con-el-leon\/2017\/12\">VER M\u00c1S: Mat\u00edas Britos regresar\u00eda a la Liga MX con Le\u00f3n<\/a><\/p>\n<p>De acuerdo con Goal,\u00a0<strong>Alfredo Turd\u00f3<\/strong>, representante del jugador, indic\u00f3 que Chumacero ha recibido <strong>varias ofertas del extranjero y una de ellas es de Pumas<\/strong>, la cual ser\u00eda la m\u00e1s atractiva para el <strong>mediocampista de 26 a\u00f1os<\/strong>, quien en el pasado mercado de fichajes coquete\u00f3 tambi\u00e9n con el balompi\u00e9 mexicano con los Rayos del Necaxa.<\/p>\n<div class=\"article-container clearfix\">\n<div class=\"body\">\n<p><strong>Chumacero<\/strong> tiene la intenci\u00f3n de salir a otro futbol, luego que tuviera una oportunidad de marcharse a <strong>Independiente de Avellaneda<\/strong> y no quiso dejar al<strong> Tigre<\/strong>, pero ahora estar\u00eda arrepentido de la decisi\u00f3n que tom\u00f3. Por otro lado su experiencia en otro pa\u00eds fue en Brasil con el <strong>Sport Club do Recife<\/strong> en 2013 donde no tuvo \u00e9xito. Ver\u00eda esta como su \u00faltima oportunidad para brillar fuera de su pa\u00eds.<\/p>\n<p style=\"text-align: center;\"><a href=\"https:\/\/www.futboltotal.com.mx\/futbol-mexicano\/liga-mx\/cecilio-dominguez-tiene-interes-de-boca-juniors\/2017\/12\">VER M\u00c1S: Cecilio Dom\u00ednguez tiene el inter\u00e9s de Boca Juniors<\/a><\/p>\n<div id=\"bodyContent\" class=\"mw-body-content\"><\/div>\n<\/div>\n<\/div>\n<div class=\"widget-taboola taboola-active\" data-module=\"taboola\" data-settings=\"{&quot;placement&quot;:null,&quot;forArticle&quot;:&quot;curv9vsp9nr915vczrsdifh8w&quot;}\" data-module-loaded=\"true\" data-placement-id=\"article-below-1\"><\/div>\n","protected":false},"excerpt":{"rendered":"<p>El boliviano ya no seguir\u00eda en The Strongest y podr\u00eda recalar en la Liga MX.<\/p>\n","protected":false},"author":159,"featured_media":511566,"comment_status":"closed","ping_status":"closed","sticky":false,"template":"","format":"standard","meta":[],"categories":[2198,3845],"tags":[8641,64,74,237],"_links":{"self":[{"href":"http:\/\/desarrollo.grupomedios.com\/futbol\/wp-json\/wp\/v2\/posts\/511560"}],"collection":[{"href":"http:\/\/desarrollo.grupomedios.com\/futbol\/wp-json\/wp\/v2\/posts"}],"about":[{"href":"http:\/\/desarrollo.grupomedios.com\/futbol\/wp-json\/wp\/v2\/types\/post"}],"author":[{"embeddable":true,"href":"http:\/\/desarrollo.grupomedios.com\/futbol\/wp-json\/wp\/v2\/users\/159"}],"replies":[{"embeddable":true,"href":"http:\/\/desarrollo.grupomedios.com\/futbol\/wp-json\/wp\/v2\/comments?post=511560"}],"version-history":[{"count":2,"href":"http:\/\/desarrollo.grupomedios.com\/futbol\/wp-json\/wp\/v2\/posts\/511560\/revisions"}],"predecessor-version":[{"id":511568,"href":"http:\/\/desarrollo.grupomedios.com\/futbol\/wp-json\/wp\/v2\/posts\/511560\/revisions\/511568"}],"wp:featuredmedia":[{"embeddable":true,"href":"http:\/\/desarrollo.grupomedios.com\/futbol\/wp-json\/wp\/v2\/media\/511566"}],"wp:attachment":[{"href":"http:\/\/desarrollo.grupomedios.com\/futbol\/wp-json\/wp\/v2\/media?parent=511560"}],"wp:term":[{"taxonomy":"category","embeddable":true,"href":"http:\/\/desarrollo.grupomedios.com\/futbol\/wp-json\/wp\/v2\/categories?post=511560"},{"taxonomy":"post_tag","embeddable":true,"href":"http:\/\/desarrollo.grupomedios.com\/futbol\/wp-json\/wp\/v2\/tags?post=511560"}],"curies":[{"name":"wp","href":"https:\/\/api.w.org\/{rel}","templated":true}]}}