{"id":511584,"date":"2017-12-07T22:19:30","date_gmt":"2017-12-08T04:19:30","guid":{"rendered":"https:\/\/www.futboltotal.com.mx\/?p=511584"},"modified":"2017-12-07T22:19:30","modified_gmt":"2017-12-08T04:19:30","slug":"tigres-1-monterrey-1-final-ida-apertura-2017-resumen","status":"publish","type":"post","link":"http:\/\/desarrollo.grupomedios.com\/futbol\/destacado-home\/tigres-1-monterrey-1-final-ida-apertura-2017-resumen\/2017\/12","title":{"rendered":"Tigres y Monterrey empatan en la ida de la Final"},"content":{"rendered":"<p><strong>POR: STAFF FT<\/strong><\/p>\n<p><strong>Tigres y Monterrey<\/strong> tuvieron un espect\u00e1culo muy r\u00edspido en el primer cap\u00edtulo de la Final del <em>Cl\u00e1sico Regio<\/em> del <strong>Torneo Apertura 2017 de la Liga MX<\/strong>.<\/p>\n<p>Los Rayados comenzaron con la ventaja inicial por medio de <strong>Nicol\u00e1s S\u00e1nchez<\/strong>, quien remat\u00f3 de cabeza en un tiro de esquina para poner adelante al Monterrey al minuto 8.<\/p>\n<blockquote class=\"twitter-video\" data-lang=\"es\">\n<p dir=\"ltr\" lang=\"es\"><a href=\"https:\/\/twitter.com\/hashtag\/NoTeLoPierdas?src=hash&amp;ref_src=twsrc%5Etfw\">#NoTeLoPierdas<\/a><br \/>\nG\u26bd\u26bd\u26bdL de Nicol\u00e1s S\u00e1nchez<a href=\"https:\/\/twitter.com\/TigresOficial?ref_src=twsrc%5Etfw\">@TigresOficial<\/a> 0-1 <a href=\"https:\/\/twitter.com\/Rayados?ref_src=twsrc%5Etfw\">@Rayados<\/a><br \/>\nIDA <a href=\"https:\/\/twitter.com\/hashtag\/GranFinalRegia?src=hash&amp;ref_src=twsrc%5Etfw\">#GranFinalRegia<\/a>  <a href=\"https:\/\/twitter.com\/hashtag\/Apertura2017?src=hash&amp;ref_src=twsrc%5Etfw\">#Apertura2017<\/a> <a href=\"https:\/\/twitter.com\/hashtag\/LIGABancomerMX?src=hash&amp;ref_src=twsrc%5Etfw\">#LIGABancomerMX<\/a><br \/>\n\u26bd <a href=\"https:\/\/twitter.com\/hashtag\/SienteTuLiga?src=hash&amp;ref_src=twsrc%5Etfw\">#SienteTuLiga<\/a> \u26bd <a href=\"https:\/\/twitter.com\/hashtag\/AbrazadosPorElFutbol?src=hash&amp;ref_src=twsrc%5Etfw\">#AbrazadosPorElFutbol<\/a> <a href=\"https:\/\/t.co\/PDPwEAjnBc\">pic.twitter.com\/PDPwEAjnBc<\/a><\/p>\n<p>\u2014 LIGA Bancomer MX (@LIGABancomerMX) <a href=\"https:\/\/twitter.com\/LIGABancomerMX\/status\/938959314261299201?ref_src=twsrc%5Etfw\">8 de diciembre de 2017<\/a><\/p><\/blockquote>\n<p><script async src=\"https:\/\/platform.twitter.com\/widgets.js\" charset=\"utf-8\"><\/script><br \/>\nLos Tigres tardaron en despertar en el encuentro, pero un chispazo de <strong>Enner Valencia<\/strong> en el \u00e1rea provoc\u00f3 una pena m\u00e1xima que al final cobr\u00f3 el mismo para darle el empate a los felinos al minuto 27.<\/p>\n<blockquote class=\"twitter-video\" data-lang=\"es\">\n<p dir=\"ltr\" lang=\"und\"><a href=\"https:\/\/twitter.com\/hashtag\/NoTeLoPierdas?src=hash&amp;ref_src=twsrc%5Etfw\">#NoTeLoPierdas<\/a><br \/>\nG\u26bd\u26bd\u26bdL de Enner Valencia<a href=\"https:\/\/twitter.com\/TigresOficial?ref_src=twsrc%5Etfw\">@TigresOficial<\/a> 1-1 <a href=\"https:\/\/twitter.com\/Rayados?ref_src=twsrc%5Etfw\">@Rayados<\/a><br \/>\nIDA <a href=\"https:\/\/twitter.com\/hashtag\/GranFinalRegia?src=hash&amp;ref_src=twsrc%5Etfw\">#GranFinalRegia<\/a>  <a href=\"https:\/\/twitter.com\/hashtag\/Apertura2017?src=hash&amp;ref_src=twsrc%5Etfw\">#Apertura2017<\/a> <a href=\"https:\/\/twitter.com\/hashtag\/LIGABancomerMX?src=hash&amp;ref_src=twsrc%5Etfw\">#LIGABancomerMX<\/a><br \/>\n\u26bd <a href=\"https:\/\/twitter.com\/hashtag\/SienteTuLiga?src=hash&amp;ref_src=twsrc%5Etfw\">#SienteTuLiga<\/a> \u26bd <a href=\"https:\/\/twitter.com\/hashtag\/AbrazadosPorElFutbol?src=hash&amp;ref_src=twsrc%5Etfw\">#AbrazadosPorElFutbol<\/a> <a href=\"https:\/\/t.co\/b8F3wy35Wn\">pic.twitter.com\/b8F3wy35Wn<\/a><\/p>\n<p>\u2014 LIGA Bancomer MX (@LIGABancomerMX) <a href=\"https:\/\/twitter.com\/LIGABancomerMX\/status\/938963063813918721?ref_src=twsrc%5Etfw\">8 de diciembre de 2017<\/a><\/p><\/blockquote>\n<p><script async src=\"https:\/\/platform.twitter.com\/widgets.js\" charset=\"utf-8\"><\/script><br \/>\nDespu\u00e9s de los goles, llegaron las tarjetas y sobrevivir a una inclemente final donde la lluvia no par\u00f3 y provoc\u00f3 muchos golpes en la cancha.<\/p>\n<p style=\"text-align: center;\"><span style=\"color: #333399;\"><a href=\"https:\/\/www.futboltotal.com.mx\/futbol-mexicano\/fan-numero-1-los-tigres-los-dejo-solos-en-la-final\/2017\/12\">VER M\u00c1S:\u00a0<span class=\"item-title\">El fan n\u00famero 1 de los Tigres no los dej\u00f3 solos en la Final<\/span><\/a><\/span><\/p>\n<p>Los dos equipos sufrieron bajas para el juego de vuelta de la Final, ya que <strong>Hugo Ayala<\/strong> se fue expulsado por los Tigres y <strong>Leonel Vangioni<\/strong> por Monterrey.<\/p>\n<p>El juego de vuelta se llevar\u00e1 a cabo el pr\u00f3ximo domingo a las 18:00 horas en la cancha del <strong>BBVA Bancomer<\/strong>.<\/p>\n","protected":false},"excerpt":{"rendered":"<p>El domingo en la cancha del BBVA Bancomer se definir\u00e1 al campe\u00f3n<\/p>\n","protected":false},"author":160,"featured_media":511585,"comment_status":"closed","ping_status":"closed","sticky":false,"template":"","format":"standard","meta":[],"categories":[5,2198,3845],"tags":[8357,64,1046,5966,5973],"_links":{"self":[{"href":"http:\/\/desarrollo.grupomedios.com\/futbol\/wp-json\/wp\/v2\/posts\/511584"}],"collection":[{"href":"http:\/\/desarrollo.grupomedios.com\/futbol\/wp-json\/wp\/v2\/posts"}],"about":[{"href":"http:\/\/desarrollo.grupomedios.com\/futbol\/wp-json\/wp\/v2\/types\/post"}],"author":[{"embeddable":true,"href":"http:\/\/desarrollo.grupomedios.com\/futbol\/wp-json\/wp\/v2\/users\/160"}],"replies":[{"embeddable":true,"href":"http:\/\/desarrollo.grupomedios.com\/futbol\/wp-json\/wp\/v2\/comments?post=511584"}],"version-history":[{"count":1,"href":"http:\/\/desarrollo.grupomedios.com\/futbol\/wp-json\/wp\/v2\/posts\/511584\/revisions"}],"predecessor-version":[{"id":511586,"href":"http:\/\/desarrollo.grupomedios.com\/futbol\/wp-json\/wp\/v2\/posts\/511584\/revisions\/511586"}],"wp:featuredmedia":[{"embeddable":true,"href":"http:\/\/desarrollo.grupomedios.com\/futbol\/wp-json\/wp\/v2\/media\/511585"}],"wp:attachment":[{"href":"http:\/\/desarrollo.grupomedios.com\/futbol\/wp-json\/wp\/v2\/media?parent=511584"}],"wp:term":[{"taxonomy":"category","embeddable":true,"href":"http:\/\/desarrollo.grupomedios.com\/futbol\/wp-json\/wp\/v2\/categories?post=511584"},{"taxonomy":"post_tag","embeddable":true,"href":"http:\/\/desarrollo.grupomedios.com\/futbol\/wp-json\/wp\/v2\/tags?post=511584"}],"curies":[{"name":"wp","href":"https:\/\/api.w.org\/{rel}","templated":true}]}}