{"id":511605,"date":"2017-12-08T07:41:27","date_gmt":"2017-12-08T13:41:27","guid":{"rendered":"https:\/\/www.futboltotal.com.mx\/?p=511605"},"modified":"2017-12-08T07:41:27","modified_gmt":"2017-12-08T13:41:27","slug":"edson-alvarez-revela-nuevo-jersey-del-america","status":"publish","type":"post","link":"http:\/\/desarrollo.grupomedios.com\/futbol\/futbol-mexicano\/edson-alvarez-revela-nuevo-jersey-del-america\/2017\/12","title":{"rendered":"Edson \u00c1lvarez revela nuevo jersey del Am\u00e9rica"},"content":{"rendered":"<p><strong>POR: STAFF FT<\/strong><\/p>\n<p>El jugador de las <strong>\u00c1guilas del Am\u00e9rica<\/strong>, <strong>Edson \u00c1lvarez<\/strong> habr\u00eda cometido una peque\u00f1a equivocaci\u00f3n y por error filtr\u00f3 una nueva camiseta del cuadro azulcrema a trav\u00e9s de Instagram, aunque no se sabe si este plumaje ser\u00eda para el <strong>Clausura 2018<\/strong>, pues en teor\u00eda para el pr\u00f3ximo torneo no se espera un estreno de indumentaria.<\/p>\n<p>El juvenil americanista aprovech\u00f3 la estancia de estrellas de la <strong>NBA en M\u00e9xico<\/strong> y decidi\u00f3 tomarse una fotograf\u00eda con\u00a0<strong>D&#8217;Angelo Russell, <\/strong>jugador de los <strong>Nets de Brooklyn<\/strong> con un jersey del equipo americanista, pero este es uno que no se ha visto antes, por lo que comenz\u00f3 a levantar sospechas sobre si este ser\u00eda el nuevo jersey que utilizar\u00e1n los de Coapa.<\/p>\n<p style=\"text-align: center;\"><a href=\"https:\/\/www.futboltotal.com.mx\/copa-mundial-de-futbol-2018\/noticias\/paolo-guerrero-suspendido-ano-se-queda-sin-rusia-2018\">VER M\u00c1S: Paolo Guerrero, suspendido un a\u00f1o se queda sin Rusia 2018<\/a><\/p>\n<p>En la imagen se puede apreciar que\u00a0 el jersey ser\u00e1 de color amarillo en la parte de enfrente y con un plumaje en azul y rojo a los costados, parecido al que utilizan hoy en calidad de visitante, adem\u00e1s se mantendr\u00edan los patrocinios de\u00a0<strong>Huawei y The Home Depot<\/strong>.<\/p>\n<div id=\"attachment_511606\" style=\"width: 946px\" class=\"wp-caption aligncenter\"><img aria-describedby=\"caption-attachment-511606\" decoding=\"async\" loading=\"lazy\" class=\"size-full wp-image-511606\" src=\"https:\/\/www.futboltotal.com.mx\/wp-content\/uploads\/2017\/12\/edson-alvarez-jersey-1.jpg\" alt=\"El mediocampista se tom\u00f3 foto con una estrella de la NBA\" srcset=\"http:\/\/desarrollo.grupomedios.com\/futbol\/wp-content\/uploads\/2017\/12\/edson-alvarez-jersey-1.jpg 936w, http:\/\/desarrollo.grupomedios.com\/futbol\/wp-content\/uploads\/2017\/12\/edson-alvarez-jersey-1-300x149.jpg 300w, http:\/\/desarrollo.grupomedios.com\/futbol\/wp-content\/uploads\/2017\/12\/edson-alvarez-jersey-1-768x382.jpg 768w\" sizes=\"(max-width: 936px) 100vw, 936px\" \/><p id=\"caption-attachment-511606\" class=\"wp-caption-text\">Edson \u00c1lvarez revel\u00f3 el nuevo jersey del Am\u00e9rica<\/p><\/div>\n<div id=\"attachment_511607\" style=\"width: 942px\" class=\"wp-caption aligncenter\"><img aria-describedby=\"caption-attachment-511607\" decoding=\"async\" loading=\"lazy\" class=\"size-full wp-image-511607\" src=\"https:\/\/www.futboltotal.com.mx\/wp-content\/uploads\/2017\/12\/edson-alvarez-jersey.jpg\" alt=\"El mediocampista se tom\u00f3 foto con una estrella de la NBA\" srcset=\"http:\/\/desarrollo.grupomedios.com\/futbol\/wp-content\/uploads\/2017\/12\/edson-alvarez-jersey.jpg 932w, http:\/\/desarrollo.grupomedios.com\/futbol\/wp-content\/uploads\/2017\/12\/edson-alvarez-jersey-300x145.jpg 300w, http:\/\/desarrollo.grupomedios.com\/futbol\/wp-content\/uploads\/2017\/12\/edson-alvarez-jersey-768x371.jpg 768w\" sizes=\"(max-width: 932px) 100vw, 932px\" \/><p id=\"caption-attachment-511607\" class=\"wp-caption-text\">Edson \u00c1lvarez revel\u00f3 el nuevo jersey del Am\u00e9rica<\/p><\/div>\n<p style=\"text-align: center;\"><a href=\"https:\/\/www.futboltotal.com.mx\/futbol-mexicano\/liga-mx\/diego-cocca-dt-que-dejo-la-liga-mx-por-la-inseguridad\/2017\/12\">VER M\u00c1S: Diego Cocca, el DT que dej\u00f3 la Liga MX por la inseguridad<\/a><\/p>\n","protected":false},"excerpt":{"rendered":"<p>El mediocampista de las \u00c1guilas habr\u00eda cometido un error<\/p>\n","protected":false},"author":159,"featured_media":511608,"comment_status":"closed","ping_status":"closed","sticky":false,"template":"","format":"standard","meta":[],"categories":[2198,3845],"tags":[5959,9028,7939,64],"_links":{"self":[{"href":"http:\/\/desarrollo.grupomedios.com\/futbol\/wp-json\/wp\/v2\/posts\/511605"}],"collection":[{"href":"http:\/\/desarrollo.grupomedios.com\/futbol\/wp-json\/wp\/v2\/posts"}],"about":[{"href":"http:\/\/desarrollo.grupomedios.com\/futbol\/wp-json\/wp\/v2\/types\/post"}],"author":[{"embeddable":true,"href":"http:\/\/desarrollo.grupomedios.com\/futbol\/wp-json\/wp\/v2\/users\/159"}],"replies":[{"embeddable":true,"href":"http:\/\/desarrollo.grupomedios.com\/futbol\/wp-json\/wp\/v2\/comments?post=511605"}],"version-history":[{"count":1,"href":"http:\/\/desarrollo.grupomedios.com\/futbol\/wp-json\/wp\/v2\/posts\/511605\/revisions"}],"predecessor-version":[{"id":511609,"href":"http:\/\/desarrollo.grupomedios.com\/futbol\/wp-json\/wp\/v2\/posts\/511605\/revisions\/511609"}],"wp:featuredmedia":[{"embeddable":true,"href":"http:\/\/desarrollo.grupomedios.com\/futbol\/wp-json\/wp\/v2\/media\/511608"}],"wp:attachment":[{"href":"http:\/\/desarrollo.grupomedios.com\/futbol\/wp-json\/wp\/v2\/media?parent=511605"}],"wp:term":[{"taxonomy":"category","embeddable":true,"href":"http:\/\/desarrollo.grupomedios.com\/futbol\/wp-json\/wp\/v2\/categories?post=511605"},{"taxonomy":"post_tag","embeddable":true,"href":"http:\/\/desarrollo.grupomedios.com\/futbol\/wp-json\/wp\/v2\/tags?post=511605"}],"curies":[{"name":"wp","href":"https:\/\/api.w.org\/{rel}","templated":true}]}}