{"id":511642,"date":"2017-12-08T13:19:44","date_gmt":"2017-12-08T19:19:44","guid":{"rendered":"https:\/\/www.futboltotal.com.mx\/?p=511642"},"modified":"2017-12-08T13:25:57","modified_gmt":"2017-12-08T19:25:57","slug":"reacciones-de-tuca-y-mohamed-despues-del-juego-ida","status":"publish","type":"post","link":"http:\/\/desarrollo.grupomedios.com\/futbol\/videos\/reacciones-de-tuca-y-mohamed-despues-del-juego-ida\/2017\/12","title":{"rendered":"Reacciones de Tuca y Mohamed despu\u00e9s del juego de ida"},"content":{"rendered":"<p><strong>POR: STAFF FT<\/strong><\/p>\n<p>Se dio el duelo de ida de la Gran Final del <strong>Apertura 2017<\/strong> entre <strong>Tigres UANL y Rayados de Monterrey<\/strong> en donde se fueron con un empate a un gol pero fue un duelo trepidante en donde el clima simplemente fue parte del espect\u00e1culo, pues la lluvia y el fr\u00edo solo sirvieron para darle al juego tintes de una batalla \u00e9pica.<\/p>\n<p style=\"text-align: center;\"><a href=\"https:\/\/www.futboltotal.com.mx\/futbol-internacional\/liga-de-inglaterra\/contratar-a-chicharito-fue-error-copropietario-west-ham\/2017\/12\">VER M\u00c1S: Contratar a Chicharito fue un error: Copropietario West Ham<\/a><\/p>\n<p>Los estrategas, <strong>Ricardo &#8216;Tuca&#8217; Ferretti<\/strong> por parte de los Felinos y <strong>Antonio &#8216;Turco&#8217; Mohamed<\/strong> del bando Rayado, dieron sus puntos de vista despu\u00e9s del encuentro, cada uno con su estilo y puntos de vista pero concordaron en que estos duelos suelen ser de una intensidad distinta, siendo un <strong>Cl\u00e1sico Regio<\/strong> aunado a que se trata de una final.<\/p>\n<h3><strong>Ricardo &#8216;Tuca&#8217; Ferretti<\/strong><\/h3>\n<p>[video_player]https:\/\/player.vimeo.com\/external\/246459667.hd.mp4?s=e9549bb16e53f27b9892589aa31139fe7e2ecd3d&amp;profile_id=175[\/video_player]<\/p>\n<p>&nbsp;<\/p>\n<h3><strong>Antonio &#8216;Turco&#8217; Mohamed<\/strong><\/h3>\n<p>[video_player]https:\/\/player.vimeo.com\/external\/246452718.hd.mp4?s=3556dbfe40717eed7f759f3f273638a6cf5ffc04&amp;profile_id=175[\/video_player]<\/p>\n","protected":false},"excerpt":{"rendered":"<p>Ambos estrategas dieron algunas palabras al finalizar la primera batalla por el t\u00edtulo<\/p>\n","protected":false},"author":159,"featured_media":511643,"comment_status":"closed","ping_status":"closed","sticky":false,"template":"","format":"standard","meta":[],"categories":[7570,2198,3845,4],"tags":[1587,8357,64,1329,104,570],"_links":{"self":[{"href":"http:\/\/desarrollo.grupomedios.com\/futbol\/wp-json\/wp\/v2\/posts\/511642"}],"collection":[{"href":"http:\/\/desarrollo.grupomedios.com\/futbol\/wp-json\/wp\/v2\/posts"}],"about":[{"href":"http:\/\/desarrollo.grupomedios.com\/futbol\/wp-json\/wp\/v2\/types\/post"}],"author":[{"embeddable":true,"href":"http:\/\/desarrollo.grupomedios.com\/futbol\/wp-json\/wp\/v2\/users\/159"}],"replies":[{"embeddable":true,"href":"http:\/\/desarrollo.grupomedios.com\/futbol\/wp-json\/wp\/v2\/comments?post=511642"}],"version-history":[{"count":9,"href":"http:\/\/desarrollo.grupomedios.com\/futbol\/wp-json\/wp\/v2\/posts\/511642\/revisions"}],"predecessor-version":[{"id":511649,"href":"http:\/\/desarrollo.grupomedios.com\/futbol\/wp-json\/wp\/v2\/posts\/511642\/revisions\/511649"}],"wp:featuredmedia":[{"embeddable":true,"href":"http:\/\/desarrollo.grupomedios.com\/futbol\/wp-json\/wp\/v2\/media\/511643"}],"wp:attachment":[{"href":"http:\/\/desarrollo.grupomedios.com\/futbol\/wp-json\/wp\/v2\/media?parent=511642"}],"wp:term":[{"taxonomy":"category","embeddable":true,"href":"http:\/\/desarrollo.grupomedios.com\/futbol\/wp-json\/wp\/v2\/categories?post=511642"},{"taxonomy":"post_tag","embeddable":true,"href":"http:\/\/desarrollo.grupomedios.com\/futbol\/wp-json\/wp\/v2\/tags?post=511642"}],"curies":[{"name":"wp","href":"https:\/\/api.w.org\/{rel}","templated":true}]}}