{"id":511668,"date":"2017-12-08T16:04:48","date_gmt":"2017-12-08T22:04:48","guid":{"rendered":"https:\/\/www.futboltotal.com.mx\/?p=511668"},"modified":"2017-12-08T16:04:48","modified_gmt":"2017-12-08T22:04:48","slug":"monarcas-sorprende-lista-transferibles","status":"publish","type":"post","link":"http:\/\/desarrollo.grupomedios.com\/futbol\/futbol-mexicano\/monarcas-sorprende-lista-transferibles\/2017\/12","title":{"rendered":"Monarcas sorprende con su lista de transferibles"},"content":{"rendered":"<p><strong>POR: STAFF FT<\/strong><\/p>\n<p>El proyecto de <strong>Monarcas Morelia<\/strong> en el <strong>Torneo Apertura 2017<\/strong> fue muy interesante con un entrenador que sin nada que perder llev\u00f3 al equipo hasta las semifinales.<\/p>\n<p>Los michoacanos lograron consolidarse, a pesar de no contar con una plantilla de tanto renombre, a excepci\u00f3n de algunos jugadores como el delantero peruano <strong>Ra\u00fal Ruid\u00edaz<\/strong>.<\/p>\n<p>La escuadra purepecha decidi\u00f3 no tener muchas bajas y dar continuidad al proyecto de Roberto Hern\u00e1ndez, por lo que solo dos jugadores han sido puestos transferibles.<\/p>\n<p style=\"text-align: center;\"><span style=\"color: #333399;\"><a href=\"https:\/\/www.futboltotal.com.mx\/futbol-mexicano\/campeon-festejara-lunes-en-la-macroplaza\/2017\/12\">VER M\u00c1S: <span class=\"item-title\">El campe\u00f3n festejar\u00e1 el lunes en la Macroplaza<\/span><\/a><\/span><\/p>\n<p><strong>Enrique P\u00e9rez y Eduardo Ch\u00e1vez<\/strong> son los dos futbolistas que han sido puestos transferibles por el equipo de Monarcas para el <strong>Torneo Clausura 2018<\/strong>.<\/p>\n","protected":false},"excerpt":{"rendered":"<p>Los michoacanos tendr\u00e1n pocas bajas para el siguiente torneo<\/p>\n","protected":false},"author":160,"featured_media":511670,"comment_status":"closed","ping_status":"closed","sticky":false,"template":"","format":"standard","meta":[],"categories":[2198,3845],"tags":[784,11331,1665],"_links":{"self":[{"href":"http:\/\/desarrollo.grupomedios.com\/futbol\/wp-json\/wp\/v2\/posts\/511668"}],"collection":[{"href":"http:\/\/desarrollo.grupomedios.com\/futbol\/wp-json\/wp\/v2\/posts"}],"about":[{"href":"http:\/\/desarrollo.grupomedios.com\/futbol\/wp-json\/wp\/v2\/types\/post"}],"author":[{"embeddable":true,"href":"http:\/\/desarrollo.grupomedios.com\/futbol\/wp-json\/wp\/v2\/users\/160"}],"replies":[{"embeddable":true,"href":"http:\/\/desarrollo.grupomedios.com\/futbol\/wp-json\/wp\/v2\/comments?post=511668"}],"version-history":[{"count":2,"href":"http:\/\/desarrollo.grupomedios.com\/futbol\/wp-json\/wp\/v2\/posts\/511668\/revisions"}],"predecessor-version":[{"id":511672,"href":"http:\/\/desarrollo.grupomedios.com\/futbol\/wp-json\/wp\/v2\/posts\/511668\/revisions\/511672"}],"wp:featuredmedia":[{"embeddable":true,"href":"http:\/\/desarrollo.grupomedios.com\/futbol\/wp-json\/wp\/v2\/media\/511670"}],"wp:attachment":[{"href":"http:\/\/desarrollo.grupomedios.com\/futbol\/wp-json\/wp\/v2\/media?parent=511668"}],"wp:term":[{"taxonomy":"category","embeddable":true,"href":"http:\/\/desarrollo.grupomedios.com\/futbol\/wp-json\/wp\/v2\/categories?post=511668"},{"taxonomy":"post_tag","embeddable":true,"href":"http:\/\/desarrollo.grupomedios.com\/futbol\/wp-json\/wp\/v2\/tags?post=511668"}],"curies":[{"name":"wp","href":"https:\/\/api.w.org\/{rel}","templated":true}]}}