{"id":511685,"date":"2017-12-08T18:50:13","date_gmt":"2017-12-09T00:50:13","guid":{"rendered":"https:\/\/www.futboltotal.com.mx\/?p=511685"},"modified":"2017-12-08T18:50:13","modified_gmt":"2017-12-09T00:50:13","slug":"ronaldinho-reune-a-viejas-campeones-mundialistas-en-duelo-a-beneficio","status":"publish","type":"post","link":"http:\/\/desarrollo.grupomedios.com\/futbol\/futbol-internacional\/ronaldinho-reune-a-viejas-campeones-mundialistas-en-duelo-a-beneficio\/2017\/12","title":{"rendered":"Ronaldinho re\u00fane a viejas campeones mundialistas en duelo a beneficio"},"content":{"rendered":"<p><strong>POR: EFE<\/strong><\/p>\n<p><span id=\"ctl14_lblMostra\">El futbolista brasile\u00f1o <strong>Ronaldinho<\/strong> reuni\u00f3 hoy en Belo Horizonte a un grupo de jugadores que conquistaron junto a \u00e9l el quinto t\u00edtulo de la selecci\u00f3n brasile\u00f1a de f\u00fatbol en la <strong>Copa del Mundo de 2002<\/strong>, celebrada en Corea del Sur y Jap\u00f3n.<\/p>\n<p>Marcado por una fuerte lluvia, el partido <strong>&#8220;Game of Dreams&#8221;<\/strong> llev\u00f3 al terreno de juego a los &#8220;amigos de R10&#8221; y los &#8220;amigos del penta&#8221;, que junt\u00f3 a algunos de los campeones mundiales de 2002.<\/p>\n<p>El once titular de los pentacampeones estuvo integrado por Roque J\u00fanior, L\u00facio, Edmilson, Gilberto Silva, J\u00fanior, Juninho Paulista, Vampeta, Ricardinho, Luiz\u00e3o, Edilson y Den\u00edlson.<\/span><\/p>\n<p style=\"text-align: center;\"><span id=\"ctl14_lblMostra\"><span style=\"color: #333399;\"><a href=\"https:\/\/www.futboltotal.com.mx\/destacado-home\/contratar-a-chicharito-fue-error-copropietario-west-ham\/2017\/12\">VER M\u00c1S &#8211; <span class=\"item-title\">Contratar a Chicharito fue un error: Copropietario West Ham<\/span><\/a><\/span><\/span><\/p>\n<p style=\"text-align: left;\"><span id=\"ctl14_lblMostra\"><span style=\"color: #333399;\"><\/span>El equipo de R10, por su parte, reuni\u00f3 a figuras que todav\u00eda est\u00e1n en activo, como Luan (Gremio), Richarlyson (Atl\u00e9tico Mineiro) y Rafael Moura (Atl\u00e9tico Mineiro), as\u00ed como periodistas y exjugadores.<\/p>\n<p>Los amigos de Ronaldinho, exjugador de equipos como el Barcelona, el Milan y el Paris Saint Germain, vencieron el encuentro por 4 a 1.<\/p>\n<p>El exfutbolista brasile\u00f1o, de 37 a\u00f1os, tiene previsto celebrara este domingo en el estadio Pacaembu de Sao Paulo otro partido amistoso con fines ben\u00e9ficos, en el que se esperan futbolistas, cantantes y otras personalidades. <\/span><\/p>\n","protected":false},"excerpt":{"rendered":"<p>El brasile\u00f1o reuni\u00f3 a ex compa\u00f1eros con los que fue campeones en 2002<\/p>\n","protected":false},"author":160,"featured_media":511686,"comment_status":"closed","ping_status":"closed","sticky":false,"template":"","format":"standard","meta":[],"categories":[3839],"tags":[5997],"_links":{"self":[{"href":"http:\/\/desarrollo.grupomedios.com\/futbol\/wp-json\/wp\/v2\/posts\/511685"}],"collection":[{"href":"http:\/\/desarrollo.grupomedios.com\/futbol\/wp-json\/wp\/v2\/posts"}],"about":[{"href":"http:\/\/desarrollo.grupomedios.com\/futbol\/wp-json\/wp\/v2\/types\/post"}],"author":[{"embeddable":true,"href":"http:\/\/desarrollo.grupomedios.com\/futbol\/wp-json\/wp\/v2\/users\/160"}],"replies":[{"embeddable":true,"href":"http:\/\/desarrollo.grupomedios.com\/futbol\/wp-json\/wp\/v2\/comments?post=511685"}],"version-history":[{"count":1,"href":"http:\/\/desarrollo.grupomedios.com\/futbol\/wp-json\/wp\/v2\/posts\/511685\/revisions"}],"predecessor-version":[{"id":511687,"href":"http:\/\/desarrollo.grupomedios.com\/futbol\/wp-json\/wp\/v2\/posts\/511685\/revisions\/511687"}],"wp:featuredmedia":[{"embeddable":true,"href":"http:\/\/desarrollo.grupomedios.com\/futbol\/wp-json\/wp\/v2\/media\/511686"}],"wp:attachment":[{"href":"http:\/\/desarrollo.grupomedios.com\/futbol\/wp-json\/wp\/v2\/media?parent=511685"}],"wp:term":[{"taxonomy":"category","embeddable":true,"href":"http:\/\/desarrollo.grupomedios.com\/futbol\/wp-json\/wp\/v2\/categories?post=511685"},{"taxonomy":"post_tag","embeddable":true,"href":"http:\/\/desarrollo.grupomedios.com\/futbol\/wp-json\/wp\/v2\/tags?post=511685"}],"curies":[{"name":"wp","href":"https:\/\/api.w.org\/{rel}","templated":true}]}}