{"id":511698,"date":"2017-12-09T06:54:39","date_gmt":"2017-12-09T12:54:39","guid":{"rendered":"https:\/\/www.futboltotal.com.mx\/?p=511698"},"modified":"2017-12-09T06:54:39","modified_gmt":"2017-12-09T12:54:39","slug":"cirilo-saucedo-seria-nuevo-portero-pumas","status":"publish","type":"post","link":"http:\/\/desarrollo.grupomedios.com\/futbol\/futbol-mexicano\/cirilo-saucedo-seria-nuevo-portero-pumas\/2017\/12","title":{"rendered":"Cirilo Saucedo ser\u00eda el nuevo portero de Pumas"},"content":{"rendered":"<p><strong>POR: STAFF FT<\/strong><\/p>\n<p>El cuadro de los <strong>Pumas de la UNAM<\/strong> ya tendr\u00edan a su nuevo guardameta con el objetivo que compita junto a <strong>Alfredo Sald\u00edvar<\/strong> por la titularidad del cuadro universitario y ser trata del experimentado\u00a0<strong>Cirilo Saucedo,\u00a0<\/strong>quien se convertir\u00eda en el elegido para llegar al Pedregal.<\/p>\n<p style=\"text-align: center;\"><a href=\"https:\/\/www.futboltotal.com.mx\/futbol-mexicano\/liga-mx\/america-cerca-de-conseguir-a-elias-hernandez\/2017\/12\" target=\"_blank\" rel=\"noopener\">VER M\u00c1S: Am\u00e9rica, cerca de tener a El\u00edas Hern\u00e1ndez<\/a><\/p>\n<p>Los universitarios est\u00e1n a la espera que<strong> Monarcas Morelia<\/strong> acepte la transacci\u00f3n ya que son due\u00f1os de su carta, incluso fue el &#8216;pacto de caballeros&#8217; el que impidi\u00f3 al guardameta jugar en el actual <strong>Apertura 2017<\/strong>. La idea de la directiva felina es traer un hombre en el arco que no le de la posici\u00f3n asegurada al<strong> &#8216;Pollo&#8217;<\/strong>, que no ha convencido del todo con sus actuaciones, de acuerdo al diario r\u00e9cord.<\/p>\n<p>Saucedo de 35 a\u00f1os tiene una amplia experiencia tdentro del balompi\u00e9 mexicano, adem\u00e1s que fue campe\u00f3n de la Liga MX con <strong>Santos Laguna<\/strong> en el Verano de 2001 y con <strong>Xolos de Tijuana<\/strong> en el Apertura 2012. Todo ser\u00eda cuesti\u00f3n de tiempo para que el cuadro de Monarcas Morelia confirme el traspaso de Saucedo para que se convierta en el refuerzo felino de cara al <strong>Clausura 2018.<\/strong><\/p>\n<p style=\"text-align: center;\"><a href=\"https:\/\/www.futboltotal.com.mx\/futbol-internacional\/liga-de-inglaterra\/contratar-a-chicharito-fue-error-copropietario-west-ham\/2017\/12\" target=\"_blank\" rel=\"noopener\">VER M\u00c1S: West Ham se arrepiente de haber contratado a Chicharito<\/a><\/p>\n<div class=\"field field-name-body field-type-text-with-summary field-label-hidden txt_nota\"><\/div>\n<div class=\"field field-name-network-pontamedia-comentario field-type-ds field-label-hidden\">\n<div class=\"field-items\">\n<div class=\"field-item even\">\n<div class=\"wdg_pontamedia\">\n<div id=\"bc_comments_plugin\"><\/div>\n<\/div>\n<\/div>\n<\/div>\n<\/div>\n","protected":false},"excerpt":{"rendered":"<p>El portero de 35 a\u00f1os ser\u00eda el nuevo refuerzo felino<\/p>\n","protected":false},"author":159,"featured_media":511699,"comment_status":"closed","ping_status":"closed","sticky":false,"template":"","format":"standard","meta":[],"categories":[2198,3845],"tags":[449,9028,64,74,5976],"_links":{"self":[{"href":"http:\/\/desarrollo.grupomedios.com\/futbol\/wp-json\/wp\/v2\/posts\/511698"}],"collection":[{"href":"http:\/\/desarrollo.grupomedios.com\/futbol\/wp-json\/wp\/v2\/posts"}],"about":[{"href":"http:\/\/desarrollo.grupomedios.com\/futbol\/wp-json\/wp\/v2\/types\/post"}],"author":[{"embeddable":true,"href":"http:\/\/desarrollo.grupomedios.com\/futbol\/wp-json\/wp\/v2\/users\/159"}],"replies":[{"embeddable":true,"href":"http:\/\/desarrollo.grupomedios.com\/futbol\/wp-json\/wp\/v2\/comments?post=511698"}],"version-history":[{"count":1,"href":"http:\/\/desarrollo.grupomedios.com\/futbol\/wp-json\/wp\/v2\/posts\/511698\/revisions"}],"predecessor-version":[{"id":511700,"href":"http:\/\/desarrollo.grupomedios.com\/futbol\/wp-json\/wp\/v2\/posts\/511698\/revisions\/511700"}],"wp:featuredmedia":[{"embeddable":true,"href":"http:\/\/desarrollo.grupomedios.com\/futbol\/wp-json\/wp\/v2\/media\/511699"}],"wp:attachment":[{"href":"http:\/\/desarrollo.grupomedios.com\/futbol\/wp-json\/wp\/v2\/media?parent=511698"}],"wp:term":[{"taxonomy":"category","embeddable":true,"href":"http:\/\/desarrollo.grupomedios.com\/futbol\/wp-json\/wp\/v2\/categories?post=511698"},{"taxonomy":"post_tag","embeddable":true,"href":"http:\/\/desarrollo.grupomedios.com\/futbol\/wp-json\/wp\/v2\/tags?post=511698"}],"curies":[{"name":"wp","href":"https:\/\/api.w.org\/{rel}","templated":true}]}}