{"id":511708,"date":"2017-12-09T11:53:34","date_gmt":"2017-12-09T17:53:34","guid":{"rendered":"https:\/\/www.futboltotal.com.mx\/?p=511708"},"modified":"2017-12-09T11:53:34","modified_gmt":"2017-12-09T17:53:34","slug":"cruz-azul-tiene-en-la-mira-a-walter-montoya-del-sevilla","status":"publish","type":"post","link":"http:\/\/desarrollo.grupomedios.com\/futbol\/futbol-mexicano\/cruz-azul-tiene-en-la-mira-a-walter-montoya-del-sevilla\/2017\/12","title":{"rendered":"Cruz Azul tiene en la mira a Walter Montoya del Sevilla"},"content":{"rendered":"<p><strong>POR: STAFF FT<\/strong><\/p>\n<p>El <strong>Cruz Azul<\/strong> cada vez se est\u00e1 armando cada vez con mayor fortaleza para el <strong>Clausura 2018,<\/strong> la llegada de Pedro Caixinha le dar\u00e1 una nueva cara al cuadro cementero y por el momento est\u00e1n sondeando posibles refuerzos, uno de ellos ser\u00eda el mediocampista del<strong> Sevilla<\/strong>,\u00a0<strong>Walter Montoya,\u00a0<\/strong>jugador de 24 a\u00f1os quien podr\u00eda recalar en la <strong>Liga MX.<\/strong><\/p>\n<p>De acuerdo a varios medios nacionales, el futbolista argentino tiene pie y medio fuera del Sevilla, una vez que solo ha podido jugar <strong>77 minutos en lo que va de la temporada,<\/strong> por lo que los celestes han puesto su mira en el centrocampista.<\/p>\n<p style=\"text-align: center;\"><a href=\"https:\/\/www.futboltotal.com.mx\/futbol-mexicano\/liga-mx\/america-ya-pregunto-por-fernando-uribe\/2017\/12\" target=\"_blank\" rel=\"noopener\">VER M\u00c1S: Am\u00e9rica ya pregunt\u00f3 por Fernando Uribe de Toluca<\/a><\/p>\n<p>De acuerdo con la Agencia JRF (Jos\u00e9 Ramon Fern\u00e1ndez) y\u00a0Radio La Red de Espa\u00f1a, un allegado del jugador indic\u00f3 que la directiva cementera ya ha pedido referencias sobre el jugador y el club espa\u00f1ol ha pedido<strong> 6 millones de euros<\/strong> por el, sin embargo los celestes est\u00e1n manejando la posibilidad que se de un <strong>pr\u00e9stamo con opci\u00f3n a compra.<\/strong><\/p>\n<p>El futbolista jug\u00f3 en Argentina para <strong>Rosario Centra<\/strong>l y para 2017 se march\u00f3 al Sevilla donde apenas ha disputado 7 partidos por lo que estar\u00eda urgido de buscar un nuevo destino, se ha hablado al momento de <strong>Inter de Porto Alegre<\/strong> como otro de sus pretendientes, luego que <strong>River Plate l<\/strong>o descartara como posible refuerzo.<\/p>\n<p style=\"text-align: center;\"><a href=\"https:\/\/www.futboltotal.com.mx\/futbol-internacional\/mundial-de-clubes\/pachuca-1-wydad-casablanca-0-mundial-de-clubes-2017-resumen\/2017\/12\" target=\"_blank\" rel=\"noopener\">VER M\u00c1S: Pachuca gana y est\u00e1 en &#8216;semis&#8217; del Mundial de Clubes<\/a><\/p>\n<p>&nbsp;<\/p>\n","protected":false},"excerpt":{"rendered":"<p>El cuadro de Cruz Azul desea al argentino como refuerzo para el Clausura 2018<\/p>\n","protected":false},"author":159,"featured_media":511709,"comment_status":"closed","ping_status":"closed","sticky":false,"template":"","format":"standard","meta":[],"categories":[2198,3845],"tags":[9028,5962,64,49,11333],"_links":{"self":[{"href":"http:\/\/desarrollo.grupomedios.com\/futbol\/wp-json\/wp\/v2\/posts\/511708"}],"collection":[{"href":"http:\/\/desarrollo.grupomedios.com\/futbol\/wp-json\/wp\/v2\/posts"}],"about":[{"href":"http:\/\/desarrollo.grupomedios.com\/futbol\/wp-json\/wp\/v2\/types\/post"}],"author":[{"embeddable":true,"href":"http:\/\/desarrollo.grupomedios.com\/futbol\/wp-json\/wp\/v2\/users\/159"}],"replies":[{"embeddable":true,"href":"http:\/\/desarrollo.grupomedios.com\/futbol\/wp-json\/wp\/v2\/comments?post=511708"}],"version-history":[{"count":1,"href":"http:\/\/desarrollo.grupomedios.com\/futbol\/wp-json\/wp\/v2\/posts\/511708\/revisions"}],"predecessor-version":[{"id":511710,"href":"http:\/\/desarrollo.grupomedios.com\/futbol\/wp-json\/wp\/v2\/posts\/511708\/revisions\/511710"}],"wp:featuredmedia":[{"embeddable":true,"href":"http:\/\/desarrollo.grupomedios.com\/futbol\/wp-json\/wp\/v2\/media\/511709"}],"wp:attachment":[{"href":"http:\/\/desarrollo.grupomedios.com\/futbol\/wp-json\/wp\/v2\/media?parent=511708"}],"wp:term":[{"taxonomy":"category","embeddable":true,"href":"http:\/\/desarrollo.grupomedios.com\/futbol\/wp-json\/wp\/v2\/categories?post=511708"},{"taxonomy":"post_tag","embeddable":true,"href":"http:\/\/desarrollo.grupomedios.com\/futbol\/wp-json\/wp\/v2\/tags?post=511708"}],"curies":[{"name":"wp","href":"https:\/\/api.w.org\/{rel}","templated":true}]}}