{"id":511714,"date":"2017-12-09T13:29:16","date_gmt":"2017-12-09T19:29:16","guid":{"rendered":"https:\/\/www.futboltotal.com.mx\/?p=511714"},"modified":"2017-12-09T13:31:45","modified_gmt":"2017-12-09T19:31:45","slug":"aficionados-de-sevilla-piden-fuera-a-guido-pizarro","status":"publish","type":"post","link":"http:\/\/desarrollo.grupomedios.com\/futbol\/futbol-internacional\/aficionados-de-sevilla-piden-fuera-a-guido-pizarro\/2017\/12","title":{"rendered":"Aficionados de Sevilla piden fuera a Guido Pizarro"},"content":{"rendered":"<p><strong>POR: STAFF FT<\/strong><\/p>\n<p>Los aficionados del<strong> Sevilla<\/strong> se han molestado de forma grave con el <strong>ex Tigres UANL<\/strong>, <strong>Guido Pizarro<\/strong> antes del aprtido que tuvieron esta noche ante el <strong>Real Madrid<\/strong>, pues las c\u00e1maras de televisi\u00f3n captaron algo que hizo enfurecer a toda la hinchada que termin\u00f3 por arder luego de la<a href=\"https:\/\/www.futboltotal.com.mx\/futbol-internacional\/liga-de-espana\/real-madrid-5-sevilla-0-laliga-2017-resumen\/2017\/12\" target=\"_blank\" rel=\"noopener\"> goleada de 5-0 que les propinaron<\/a>.<\/p>\n<p>Durante el previo al juego, las c\u00e1maras de televisi\u00f3n se metieron a la intimidad de los vestuarios donde suelen hacer tomas de las equipaciones que utilizar\u00e1n los futbolistas, una de ellas mostr\u00f3 la camiseta de Pizarro con el n\u00famero &#8217;14&#8217; junto a<strong> unas espinilleras marca &#8216;CR7&#8217;<\/strong> (Cristiano Ronaldo), hecho que desemboc\u00f3 en que muchos aficionados cargaran contra el mediocampista.<\/p>\n<div id=\"attachment_511715\" style=\"width: 726px\" class=\"wp-caption aligncenter\"><img aria-describedby=\"caption-attachment-511715\" decoding=\"async\" loading=\"lazy\" class=\"size-full wp-image-511715\" src=\"https:\/\/www.futboltotal.com.mx\/wp-content\/uploads\/2017\/12\/pizarro-cr7-1.jpg\" alt=\"El Real Madrid se encarg\u00f3 de golear al Sevillas\" srcset=\"http:\/\/desarrollo.grupomedios.com\/futbol\/wp-content\/uploads\/2017\/12\/pizarro-cr7-1.jpg 716w, http:\/\/desarrollo.grupomedios.com\/futbol\/wp-content\/uploads\/2017\/12\/pizarro-cr7-1-300x168.jpg 300w, http:\/\/desarrollo.grupomedios.com\/futbol\/wp-content\/uploads\/2017\/12\/pizarro-cr7-1-393x221.jpg 393w\" sizes=\"(max-width: 716px) 100vw, 716px\" \/><p id=\"caption-attachment-511715\" class=\"wp-caption-text\">Las espinilleras de Guido Pizarro son CR7<\/p><\/div>\n<p style=\"text-align: center;\"><a href=\"https:\/\/www.futboltotal.com.mx\/futbol-mexicano\/liga-mx\/cruz-azul-tiene-en-la-mira-a-walter-montoya-del-sevilla\/2017\/12\" target=\"_blank\" rel=\"noopener\">VER M\u00c1S: Cruz Azul tiene en la mira a Walter Montoya del Sevilla<\/a><\/p>\n<p>Los comentarios a trav\u00e9s de redes sociales fueron duros contra el<strong> &#8216;Conde<\/strong>&#8216;, pues adem\u00e1s <strong>el portugu\u00e9s les hizo dos goles durante el partido<\/strong>, aunado a la mala tarde del mediocentro argentino las cr\u00edticas se hicieron m\u00e1s fuertes. A pesar de estar las espinilleras ah\u00ed no hay una toma o algo que revele que las utiliz\u00f3, sin embargo medios en Espa\u00f1a como AS y Marca sostienen que as\u00ed fue.<\/p>\n<blockquote class=\"twitter-tweet\" data-lang=\"es\">\n<p dir=\"ltr\" lang=\"es\"><a href=\"https:\/\/twitter.com\/guido19pizarro?ref_src=twsrc%5Etfw\">@guido19pizarro<\/a> espero no volver a verte con la camiseta del Sevilla despu\u00e9s de llevar esas espinilleras mercenario.SOLO SFC.<\/p>\n<p>\u2014 LIMPIEZATOTALDELCLUB (@vbg1978) <a href=\"https:\/\/twitter.com\/vbg1978\/status\/939566964833488896?ref_src=twsrc%5Etfw\">9 de diciembre de 2017<\/a><\/p><\/blockquote>\n<p><script async src=\"https:\/\/platform.twitter.com\/widgets.js\" charset=\"utf-8\"><\/script><\/p>\n<blockquote class=\"twitter-tweet\" data-lang=\"es\">\n<p dir=\"ltr\" lang=\"es\">Mira @guido19pizarroa tu nadie te ha explicado qui\u00e9n es el <a href=\"https:\/\/twitter.com\/SevillaFC?ref_src=twsrc%5Etfw\">@SevillaFC<\/a>.<br \/>\nT\u00fa eres una mierda al lado del Sevilla. Y Cristiano otra.<br \/>\nPara pedirle y jugar con sus espinilleras vete a un club de mierda y te vas de aqu\u00ed.<br \/>\nLo que has hecho DA ASCO. <a href=\"https:\/\/t.co\/bateqcf1jj\">pic.twitter.com\/bateqcf1jj<\/a><\/p>\n<p>\u2014 ELRC (@NODO_SFC) <a href=\"https:\/\/twitter.com\/NODO_SFC\/status\/939562104281010178?ref_src=twsrc%5Etfw\">9 de diciembre de 2017<\/a><\/p><\/blockquote>\n<p><script async src=\"https:\/\/platform.twitter.com\/widgets.js\" charset=\"utf-8\"><\/script><\/p>\n<blockquote class=\"twitter-tweet\" data-conversation=\"none\" data-lang=\"es\">\n<p dir=\"ltr\" lang=\"es\">Vaya verg\u00fcenza <a href=\"https:\/\/twitter.com\/guido19pizarro?ref_src=twsrc%5Etfw\">@guido19pizarro<\/a> , el a\u00f1o que viene espero que est\u00e9s fuera de mi equipo, no das el nivel<\/p>\n<p>\u2014 Kessito (@Kessito77) <a href=\"https:\/\/twitter.com\/Kessito77\/status\/939566772562341889?ref_src=twsrc%5Etfw\">9 de diciembre de 2017<\/a><\/p><\/blockquote>\n<p><script async src=\"https:\/\/platform.twitter.com\/widgets.js\" charset=\"utf-8\"><\/script><\/p>\n<blockquote class=\"twitter-tweet\" data-lang=\"es\">\n<p dir=\"ltr\" lang=\"es\"><a href=\"https:\/\/twitter.com\/guido19pizarro?ref_src=twsrc%5Etfw\">@guido19pizarro<\/a> la pr\u00f3xima te pones otra vez las espinilleras de CR7. Si es que no pod\u00e9is ser m\u00e1s torpes<\/p>\n<p>\u2014 Cantely_1975 (@ayala_1975) <a href=\"https:\/\/twitter.com\/ayala_1975\/status\/939559301072539648?ref_src=twsrc%5Etfw\">9 de diciembre de 2017<\/a><\/p><\/blockquote>\n<p><script async src=\"https:\/\/platform.twitter.com\/widgets.js\" charset=\"utf-8\"><\/script><\/p>\n<blockquote class=\"twitter-tweet\" data-lang=\"es\">\n<p dir=\"ltr\" lang=\"es\">Para mi ya ya estas de mas en mi Sevilla te puedes ir a la mierda sinverguenza <a href=\"https:\/\/twitter.com\/guido19pizarro?ref_src=twsrc%5Etfw\">@guido19pizarro<\/a> <a href=\"https:\/\/t.co\/meaLefROg4\">pic.twitter.com\/meaLefROg4<\/a><\/p>\n<p>\u2014 Gabi Medel (@GABISOBRINOPOZO) <a href=\"https:\/\/twitter.com\/GABISOBRINOPOZO\/status\/939542031059349504?ref_src=twsrc%5Etfw\">9 de diciembre de 2017<\/a><\/p><\/blockquote>\n<p><script async src=\"https:\/\/platform.twitter.com\/widgets.js\" charset=\"utf-8\"><\/script><\/p>\n<blockquote class=\"twitter-tweet\" data-lang=\"es\">\n<p dir=\"ltr\" lang=\"es\">Que no se te olvide pedirle la camiseta!!! Ibas a jugar m\u00e1s por los cojones <a href=\"https:\/\/twitter.com\/guido19pizarro?ref_src=twsrc%5Etfw\">@guido19pizarro<\/a> <a href=\"https:\/\/twitter.com\/hashtag\/RealMadridSevillaFC?src=hash&amp;ref_src=twsrc%5Etfw\">#RealMadridSevillaFC<\/a> <a href=\"https:\/\/t.co\/eklQkXB8O4\">pic.twitter.com\/eklQkXB8O4<\/a><\/p>\n<p>\u2014 Emilio RL (@RuizLoEmilio) <a href=\"https:\/\/twitter.com\/RuizLoEmilio\/status\/939537993928495105?ref_src=twsrc%5Etfw\">9 de diciembre de 2017<\/a><\/p><\/blockquote>\n<p><script async src=\"https:\/\/platform.twitter.com\/widgets.js\" charset=\"utf-8\"><\/script><\/p>\n<blockquote class=\"twitter-tweet\" data-lang=\"es\">\n<p dir=\"ltr\" lang=\"es\">\u00bfESTO QU\u00c9 MIERDA ES, .<a href=\"https:\/\/twitter.com\/guido19pizarro?ref_src=twsrc%5Etfw\">@guido19pizarro<\/a>? <a href=\"https:\/\/t.co\/6x62padfA9\">pic.twitter.com\/6x62padfA9<\/a><\/p>\n<p>\u2014 Jos\u00e9 \u00c1ngel Vera M. (@ja_vera) <a href=\"https:\/\/twitter.com\/ja_vera\/status\/939543580204466176?ref_src=twsrc%5Etfw\">9 de diciembre de 2017<\/a><\/p><\/blockquote>\n<p><script async src=\"https:\/\/platform.twitter.com\/widgets.js\" charset=\"utf-8\"><\/script><\/p>\n<blockquote class=\"twitter-tweet\" data-lang=\"es\">\n<p dir=\"ltr\" lang=\"es\">Si esta foto es cierta, nos debes unas disculpas <a href=\"https:\/\/twitter.com\/guido19pizarro?ref_src=twsrc%5Etfw\">@guido19pizarro<\/a> <a href=\"https:\/\/t.co\/zK7Psh4twh\">pic.twitter.com\/zK7Psh4twh<\/a><\/p>\n<p>\u2014 Rub\u00e9n (@inglumario) <a href=\"https:\/\/twitter.com\/inglumario\/status\/939556296793251843?ref_src=twsrc%5Etfw\">9 de diciembre de 2017<\/a><\/p><\/blockquote>\n<p><script async src=\"https:\/\/platform.twitter.com\/widgets.js\" charset=\"utf-8\"><\/script><\/p>\n<blockquote class=\"twitter-tweet\" data-lang=\"es\">\n<p dir=\"ltr\" lang=\"es\">No se si alguno de estos nuevos integrantes de la plantilla y ese equipo t\u00e9cnico entiende que el Real de Madr\u00ed es el enemigo a hierro, ni agua. Esto es de cr\u00edo de equipo de pueblo de Madrid, como Legan\u00e9s, Getafe o similar. Aqu\u00ed no, <a href=\"https:\/\/twitter.com\/guido19pizarro?ref_src=twsrc%5Etfw\">@guido19pizarro<\/a> <a href=\"https:\/\/t.co\/aNM1Khm2TL\">https:\/\/t.co\/aNM1Khm2TL<\/a><\/p>\n<p>\u2014 Joaqu\u00edn (@joaki_sevilla) <a href=\"https:\/\/twitter.com\/joaki_sevilla\/status\/939565058195148806?ref_src=twsrc%5Etfw\">9 de diciembre de 2017<\/a><\/p><\/blockquote>\n<p><script async src=\"https:\/\/platform.twitter.com\/widgets.js\" charset=\"utf-8\"><\/script><\/p>\n<blockquote class=\"twitter-tweet\" data-lang=\"es\">\n<p dir=\"ltr\" lang=\"es\"><a href=\"https:\/\/twitter.com\/guido19pizarro?ref_src=twsrc%5Etfw\">@guido19pizarro<\/a> Espero no encontrarme contigo cara a cara hijo de p. Me vas a explicar eso de las espinilleras. Vete del SFC golfo indecente.<\/p>\n<p>\u2014 Alexis Correa (@acorreablog_) <a href=\"https:\/\/twitter.com\/acorreablog_\/status\/939563581204516864?ref_src=twsrc%5Etfw\">9 de diciembre de 2017<\/a><\/p><\/blockquote>\n<p><script async src=\"https:\/\/platform.twitter.com\/widgets.js\" charset=\"utf-8\"><\/script><\/p>\n<p style=\"text-align: center;\"><a href=\"https:\/\/www.futboltotal.com.mx\/futbol-internacional\/mundial-de-clubes\/pachuca-1-wydad-casablanca-0-mundial-de-clubes-2017-resumen\/2017\/12\" target=\"_blank\" rel=\"noopener\">VER M\u00c1S: Pachuca gana y est\u00e1 en &#8216;semis&#8217; del Mundial de Clubes<\/a><\/p>\n<p>&nbsp;<\/p>\n","protected":false},"excerpt":{"rendered":"<p>El ex Tigres UANL cometi\u00f3 un error con los aficionados<\/p>\n","protected":false},"author":159,"featured_media":511716,"comment_status":"closed","ping_status":"closed","sticky":false,"template":"","format":"standard","meta":[],"categories":[3839,3844],"tags":[739,6013,3991,11334,49,570],"_links":{"self":[{"href":"http:\/\/desarrollo.grupomedios.com\/futbol\/wp-json\/wp\/v2\/posts\/511714"}],"collection":[{"href":"http:\/\/desarrollo.grupomedios.com\/futbol\/wp-json\/wp\/v2\/posts"}],"about":[{"href":"http:\/\/desarrollo.grupomedios.com\/futbol\/wp-json\/wp\/v2\/types\/post"}],"author":[{"embeddable":true,"href":"http:\/\/desarrollo.grupomedios.com\/futbol\/wp-json\/wp\/v2\/users\/159"}],"replies":[{"embeddable":true,"href":"http:\/\/desarrollo.grupomedios.com\/futbol\/wp-json\/wp\/v2\/comments?post=511714"}],"version-history":[{"count":2,"href":"http:\/\/desarrollo.grupomedios.com\/futbol\/wp-json\/wp\/v2\/posts\/511714\/revisions"}],"predecessor-version":[{"id":511718,"href":"http:\/\/desarrollo.grupomedios.com\/futbol\/wp-json\/wp\/v2\/posts\/511714\/revisions\/511718"}],"wp:featuredmedia":[{"embeddable":true,"href":"http:\/\/desarrollo.grupomedios.com\/futbol\/wp-json\/wp\/v2\/media\/511716"}],"wp:attachment":[{"href":"http:\/\/desarrollo.grupomedios.com\/futbol\/wp-json\/wp\/v2\/media?parent=511714"}],"wp:term":[{"taxonomy":"category","embeddable":true,"href":"http:\/\/desarrollo.grupomedios.com\/futbol\/wp-json\/wp\/v2\/categories?post=511714"},{"taxonomy":"post_tag","embeddable":true,"href":"http:\/\/desarrollo.grupomedios.com\/futbol\/wp-json\/wp\/v2\/tags?post=511714"}],"curies":[{"name":"wp","href":"https:\/\/api.w.org\/{rel}","templated":true}]}}