{"id":511746,"date":"2017-12-09T17:45:42","date_gmt":"2017-12-09T23:45:42","guid":{"rendered":"https:\/\/www.futboltotal.com.mx\/?p=511746"},"modified":"2017-12-09T17:45:42","modified_gmt":"2017-12-09T23:45:42","slug":"raul-jimenez-juega-en-triunfo-del-benfica-3","status":"publish","type":"post","link":"http:\/\/desarrollo.grupomedios.com\/futbol\/futbol-internacional\/raul-jimenez-juega-en-triunfo-del-benfica-3\/2017\/12","title":{"rendered":"Ra\u00fal Jim\u00e9nez juega en el triunfo del Benfica"},"content":{"rendered":"<p><strong>POR: EFE<\/strong><\/p>\n<p>El <strong>Sporting de Portugal<\/strong> se impuso hoy en el estadio del Boavista por 1 a 3 y se coloc\u00f3 l\u00edder provisional a la espera del Oporto, mientras que el <strong>Benfica<\/strong>, con una victoria sobre el colista <strong>Estoril<\/strong> (3-1), aument\u00f3 la presi\u00f3n sobre sus rivales.<\/p>\n<p>En la jornada decimocuarta, el Sporting lidera con 36 puntos, tres m\u00e1s que el Benfica y que el Oporto, que tiene un partido menos y juega el domingo en casa del <strong>Vit\u00f3ria de Set\u00fabal<\/strong>.<\/p>\n<p>El Benfica no tard\u00f3 ni 20 minutos en sacar una ventaja de dos goles al Estoril gracias principalmente a los esfuerzos del argentino <strong>Eduardo &#8220;Toto&#8221; Salvio<\/strong>, que hizo el primero en el minuto 13 tras una jugada de su compatriota Cervi y dio la asistencia del segundo al brasile\u00f1o Jonas en el 18.<\/p>\n<p style=\"text-align: center;\"><span style=\"color: #333399;\"><a href=\"https:\/\/www.futboltotal.com.mx\/futbol-internacional\/juventus-0-inter-0-liga-de-italia-resumen\/2017\/12\">VER M\u00c1S:\u00a0<span class=\"item-title\">Juventus e Inter igualan en el derbi de Italia<\/span><\/a><\/span><\/p>\n<p>El Estoril, necesitado de puntos para abandonar la \u00faltima posici\u00f3n de la tabla, consigui\u00f3 recortar distancias al filo del descanso con un remate de cabeza del brasile\u00f1o Kl\u00e9ber.<\/p>\n<p>Sin embargo, las &#8220;\u00e1guilas&#8221; fueron las \u00fanicas que volvieron a cambiar el marcador y volvieron a marcar en el 60 con una combinaci\u00f3n entre Cervi y Krovinovic, que acab\u00f3 con el gol del croata.<\/p>\n<p>El delantero mexicano <strong>Ra\u00fal Jim\u00e9nez<\/strong> tuvo actividad, al entrar al minuto 84 del partido.<\/p>\n<p style=\"text-align: center;\"><span style=\"color: #333399;\"><a href=\"https:\/\/www.futboltotal.com.mx\/futbol-internacional\/andres-iniesta-se-recupera-baja-en-barcelona\/2017\/12\">VER M\u00c1S:\u00a0<span class=\"item-title\">Andr\u00e9s Iniesta no se recupera y es baja en el Barcelona<\/span><\/a><\/span><\/p>\n<p>La derrota (3-1) mantuvo al Estoril como colista con 8 puntos, los mismos que el Moreirense, que tambi\u00e9n perdi\u00f3 su compromiso liguero de esta jornada.<\/p>\n<p>Tambi\u00e9n hoy, el Tondela venci\u00f3 en el estadio del Desportivo das Aves (0-1) con un gol del brasile\u00f1o Heliardo y consigui\u00f3 igualar los puntos en la tabla de su rival, a la vez que le arrebat\u00f3 la und\u00e9cima posici\u00f3n gracias a la diferencia de goles.<\/p>\n","protected":false},"excerpt":{"rendered":"<p>El delantero mexicano tuvo actividad con las \u00c1guilas<\/p>\n","protected":false},"author":160,"featured_media":511747,"comment_status":"closed","ping_status":"closed","sticky":false,"template":"","format":"standard","meta":[],"categories":[3839,7709],"tags":[6060,5301,3804,742],"_links":{"self":[{"href":"http:\/\/desarrollo.grupomedios.com\/futbol\/wp-json\/wp\/v2\/posts\/511746"}],"collection":[{"href":"http:\/\/desarrollo.grupomedios.com\/futbol\/wp-json\/wp\/v2\/posts"}],"about":[{"href":"http:\/\/desarrollo.grupomedios.com\/futbol\/wp-json\/wp\/v2\/types\/post"}],"author":[{"embeddable":true,"href":"http:\/\/desarrollo.grupomedios.com\/futbol\/wp-json\/wp\/v2\/users\/160"}],"replies":[{"embeddable":true,"href":"http:\/\/desarrollo.grupomedios.com\/futbol\/wp-json\/wp\/v2\/comments?post=511746"}],"version-history":[{"count":1,"href":"http:\/\/desarrollo.grupomedios.com\/futbol\/wp-json\/wp\/v2\/posts\/511746\/revisions"}],"predecessor-version":[{"id":511748,"href":"http:\/\/desarrollo.grupomedios.com\/futbol\/wp-json\/wp\/v2\/posts\/511746\/revisions\/511748"}],"wp:featuredmedia":[{"embeddable":true,"href":"http:\/\/desarrollo.grupomedios.com\/futbol\/wp-json\/wp\/v2\/media\/511747"}],"wp:attachment":[{"href":"http:\/\/desarrollo.grupomedios.com\/futbol\/wp-json\/wp\/v2\/media?parent=511746"}],"wp:term":[{"taxonomy":"category","embeddable":true,"href":"http:\/\/desarrollo.grupomedios.com\/futbol\/wp-json\/wp\/v2\/categories?post=511746"},{"taxonomy":"post_tag","embeddable":true,"href":"http:\/\/desarrollo.grupomedios.com\/futbol\/wp-json\/wp\/v2\/tags?post=511746"}],"curies":[{"name":"wp","href":"https:\/\/api.w.org\/{rel}","templated":true}]}}