{"id":511752,"date":"2017-12-09T18:59:29","date_gmt":"2017-12-10T00:59:29","guid":{"rendered":"https:\/\/www.futboltotal.com.mx\/?p=511752"},"modified":"2017-12-09T18:59:29","modified_gmt":"2017-12-10T00:59:29","slug":"monterrey-aficion-la-fiesta-en-barrial","status":"publish","type":"post","link":"http:\/\/desarrollo.grupomedios.com\/futbol\/destacado-home\/monterrey-aficion-la-fiesta-en-barrial\/2017\/12","title":{"rendered":"Monterrey y su afici\u00f3n hace la fiesta en El Barrial"},"content":{"rendered":"<p><strong>POR: STAFF FT<\/strong><\/p>\n<p>Los <strong>Rayados de Monterrey<\/strong> y su afici\u00f3n est\u00e1n listos para recibir la Final de Vuelta del <strong>Torneo Apertura 2017<\/strong> contra los <strong>Tigres de la UANL<\/strong> en el estadio BBVA Bancomer.<\/p>\n<p>La afici\u00f3n de los regiomontanos encabezada por su porra oficial <strong>&#8220;La Adicci\u00f3n&#8221;<\/strong> estuvieron presentes en la casa club del equipo, en la sede de <strong>El Barrial<\/strong>, para mostrar su apoyo.<\/p>\n<p>Con muchos cantos, m\u00fasica y corazones latentes en la b\u00fasqueda del anhelado t\u00edtulo contra el odiado rival, los aficionados mostraron su cari\u00f1o a la instituci\u00f3n rayada.<\/p>\n<p style=\"text-align: center;\"><span style=\"color: #333399;\"><a href=\"https:\/\/www.futboltotal.com.mx\/destacado-home\/tigres-recibio-despedida-incomparable-previo-duelo-ante-rayados\/2017\/12\">VER M\u00c1S:\u00a0<span class=\"item-title\">Tigres recibi\u00f3 despedida \u2018Incomparable\u2019 previo al duelo ante Rayados<\/span><\/a><\/span><\/p>\n<p>Los futbolistas del equipo no quisieron perder detalle del apoyo de sus seguidores, y salieron a dar las gracias por las muestras de afecto hacia ellos.<\/p>\n<p>&#8220;Los Tigres no tienen miedo, los Tigres nos tienen miedo!<strong> \u00a1Vamos, Monterrey, queremos la Copa, la hinchada est\u00e1 loca y yo, quiero verte campe\u00f3n!<\/strong>, fueron algunos de los cantos que hicieron los aficionados a los futbolistas del club que brindaron un gran aplauso.<\/p>\n<blockquote class=\"twitter-video\" data-lang=\"es\">\n<p dir=\"ltr\" lang=\"es\">\u00a1Estamos hechos un s\u00f3lo Equipo! &#x1f4aa;&#x1f3fc;<\/p>\n<p>\u00a1Juntos hagamos historia! <a href=\"https:\/\/twitter.com\/hashtag\/VamosRayados?src=hash&amp;ref_src=twsrc%5Etfw\">#VamosRayados<\/a> &#x1f535;\u26aa\ufe0f <a href=\"https:\/\/t.co\/NNEyK095Js\">pic.twitter.com\/NNEyK095Js<\/a><\/p>\n<p>\u2014 Rayados (@Rayados) <a href=\"https:\/\/twitter.com\/Rayados\/status\/939657654355492864?ref_src=twsrc%5Etfw\">10 de diciembre de 2017<\/a><\/p><\/blockquote>\n<p><script async src=\"https:\/\/platform.twitter.com\/widgets.js\" charset=\"utf-8\"><\/script><\/p>\n","protected":false},"excerpt":{"rendered":"<p>La &#8220;Adicci\u00f3n&#8221; y compa\u00f1\u00eda mostr\u00f3 su apoyo a Rayados para la Final<\/p>\n","protected":false},"author":160,"featured_media":511753,"comment_status":"closed","ping_status":"closed","sticky":false,"template":"","format":"standard","meta":[],"categories":[5,2198,3845],"tags":[2199,8357,1752,64,5966,5973],"_links":{"self":[{"href":"http:\/\/desarrollo.grupomedios.com\/futbol\/wp-json\/wp\/v2\/posts\/511752"}],"collection":[{"href":"http:\/\/desarrollo.grupomedios.com\/futbol\/wp-json\/wp\/v2\/posts"}],"about":[{"href":"http:\/\/desarrollo.grupomedios.com\/futbol\/wp-json\/wp\/v2\/types\/post"}],"author":[{"embeddable":true,"href":"http:\/\/desarrollo.grupomedios.com\/futbol\/wp-json\/wp\/v2\/users\/160"}],"replies":[{"embeddable":true,"href":"http:\/\/desarrollo.grupomedios.com\/futbol\/wp-json\/wp\/v2\/comments?post=511752"}],"version-history":[{"count":1,"href":"http:\/\/desarrollo.grupomedios.com\/futbol\/wp-json\/wp\/v2\/posts\/511752\/revisions"}],"predecessor-version":[{"id":511754,"href":"http:\/\/desarrollo.grupomedios.com\/futbol\/wp-json\/wp\/v2\/posts\/511752\/revisions\/511754"}],"wp:featuredmedia":[{"embeddable":true,"href":"http:\/\/desarrollo.grupomedios.com\/futbol\/wp-json\/wp\/v2\/media\/511753"}],"wp:attachment":[{"href":"http:\/\/desarrollo.grupomedios.com\/futbol\/wp-json\/wp\/v2\/media?parent=511752"}],"wp:term":[{"taxonomy":"category","embeddable":true,"href":"http:\/\/desarrollo.grupomedios.com\/futbol\/wp-json\/wp\/v2\/categories?post=511752"},{"taxonomy":"post_tag","embeddable":true,"href":"http:\/\/desarrollo.grupomedios.com\/futbol\/wp-json\/wp\/v2\/tags?post=511752"}],"curies":[{"name":"wp","href":"https:\/\/api.w.org\/{rel}","templated":true}]}}