{"id":511809,"date":"2017-12-10T18:53:20","date_gmt":"2017-12-11T00:53:20","guid":{"rendered":"https:\/\/www.futboltotal.com.mx\/?p=511809"},"modified":"2017-12-10T18:53:20","modified_gmt":"2017-12-11T00:53:20","slug":"humberto-chupete-suazo-fue-ovacionado-la-aficion-rayados-en-la-final","status":"publish","type":"post","link":"http:\/\/desarrollo.grupomedios.com\/futbol\/futbol-mexicano\/humberto-chupete-suazo-fue-ovacionado-la-aficion-rayados-en-la-final\/2017\/12","title":{"rendered":"&#8216;Chupete&#8217; Suazo fue ovacionado por la afici\u00f3n de Rayados en la Final"},"content":{"rendered":"<p>La afici\u00f3n de <strong>Rayados<\/strong> prepar\u00f3 una fiesta en el <strong>estadio BBVA Bancomer<\/strong> para recibir la <strong>Final de Vuelta del torneo de Apertura 2017 de la Liga MX<\/strong> ante los <strong>Tigres.<\/strong><\/p>\n<p>Entre las celebraciones previo al <a href=\"https:\/\/www.futboltotal.com.mx\/destacado-home\/monterrey-vs-tigres-gran-final-apertura-2017-en-vivo-minuto-a-minuto\/2017\/12\"><span style=\"color: #3366ff;\">partido por el t\u00edtulo<\/span><\/a>, estuvieron presentes algunos exjugadores de <strong>Monterrey<\/strong> y que le dieron grandes alegr\u00edas a la afici\u00f3n albiazul con algunos t\u00edtulos para el equipo.<\/p>\n<p style=\"text-align: center;\"><span style=\"color: #3366ff;\"><a href=\"https:\/\/www.futboltotal.com.mx\/futbol-mexicano\/liga-mx\/jonathan-gonzalez-en-la-mira-del-borussia-dortmund\/2017\/12\">VER M\u00c1S: Jonathan Gonz\u00e1lez, en la mira del Borussia Dortmund<\/a><\/span><\/p>\n<p>Entre los presentes que estuvieron el palco de honor de Rayados eran <strong>Severo Meza<\/strong>, <strong>Walter Ayov\u00ed<\/strong>,<strong> Luis Ernesto P\u00e9rez<\/strong> y <strong>Humberto Suazo<\/strong>, m\u00e1ximo goleador en la historia del club.<\/p>\n<p>Fue el chileno quien fue m\u00e1s aplaudido en la cancha del BBVA Bancomer, pues cabe recordar que fue quien gui\u00f3 a varios t\u00edtulos al conjunto Albiazul que era dirigido por <strong>V\u00edctor Manuel Vucetich<\/strong>.<\/p>\n<blockquote class=\"twitter-video\" data-lang=\"es\">\n<p dir=\"ltr\" lang=\"es\">As\u00ed recibieron a Humberto \u2018Chupete\u2019 Suazo en el BBVA Bancomer. <a href=\"https:\/\/t.co\/7zkaR0iA1Z\">pic.twitter.com\/7zkaR0iA1Z<\/a><\/p>\n<p>\u2014 Futbol Total (@MXFutbolTotal) <a href=\"https:\/\/twitter.com\/MXFutbolTotal\/status\/940010991940702209?ref_src=twsrc%5Etfw\">11 de diciembre de 2017<\/a><\/p><\/blockquote>\n<p><script async src=\"https:\/\/platform.twitter.com\/widgets.js\" charset=\"utf-8\"><\/script><\/p>\n","protected":false},"excerpt":{"rendered":"<p>Luis Ernesto P\u00e9rez tambi\u00e9n estuvo presente.<\/p>\n","protected":false},"author":129,"featured_media":511810,"comment_status":"closed","ping_status":"closed","sticky":false,"template":"","format":"standard","meta":[],"categories":[2198,3845],"tags":[11312,64,497,5973],"_links":{"self":[{"href":"http:\/\/desarrollo.grupomedios.com\/futbol\/wp-json\/wp\/v2\/posts\/511809"}],"collection":[{"href":"http:\/\/desarrollo.grupomedios.com\/futbol\/wp-json\/wp\/v2\/posts"}],"about":[{"href":"http:\/\/desarrollo.grupomedios.com\/futbol\/wp-json\/wp\/v2\/types\/post"}],"author":[{"embeddable":true,"href":"http:\/\/desarrollo.grupomedios.com\/futbol\/wp-json\/wp\/v2\/users\/129"}],"replies":[{"embeddable":true,"href":"http:\/\/desarrollo.grupomedios.com\/futbol\/wp-json\/wp\/v2\/comments?post=511809"}],"version-history":[{"count":1,"href":"http:\/\/desarrollo.grupomedios.com\/futbol\/wp-json\/wp\/v2\/posts\/511809\/revisions"}],"predecessor-version":[{"id":511811,"href":"http:\/\/desarrollo.grupomedios.com\/futbol\/wp-json\/wp\/v2\/posts\/511809\/revisions\/511811"}],"wp:featuredmedia":[{"embeddable":true,"href":"http:\/\/desarrollo.grupomedios.com\/futbol\/wp-json\/wp\/v2\/media\/511810"}],"wp:attachment":[{"href":"http:\/\/desarrollo.grupomedios.com\/futbol\/wp-json\/wp\/v2\/media?parent=511809"}],"wp:term":[{"taxonomy":"category","embeddable":true,"href":"http:\/\/desarrollo.grupomedios.com\/futbol\/wp-json\/wp\/v2\/categories?post=511809"},{"taxonomy":"post_tag","embeddable":true,"href":"http:\/\/desarrollo.grupomedios.com\/futbol\/wp-json\/wp\/v2\/tags?post=511809"}],"curies":[{"name":"wp","href":"https:\/\/api.w.org\/{rel}","templated":true}]}}