{"id":511817,"date":"2017-12-10T20:21:35","date_gmt":"2017-12-11T02:21:35","guid":{"rendered":"https:\/\/www.futboltotal.com.mx\/?p=511817"},"modified":"2017-12-10T20:21:35","modified_gmt":"2017-12-11T02:21:35","slug":"los-memes-de-la-final-regia-rayados-vs-tigres","status":"publish","type":"post","link":"http:\/\/desarrollo.grupomedios.com\/futbol\/futbol-mexicano\/los-memes-de-la-final-regia-rayados-vs-tigres\/2017\/12","title":{"rendered":"Los memes de la final regia Rayados vs Tigres"},"content":{"rendered":"<p>Se vivi\u00f3 la final entre<strong> Rayados de Monterrey y Tigres UANL<\/strong>, muchas emociones en el \u00faltimo partido del Apertura 2017, aunque en el encuentro se viv\u00eda tensi\u00f3n, pasi\u00f3n y mucho futbol pero fuera, donde estaban los internautas todo eran risas.<\/p>\n<p>La final con<strong> Cl\u00e1sico Regio<\/strong> tuvo muchas aristas, pero en el humor sin duda estaba en lo m\u00e1s alto as\u00ed que aqu\u00ed van los mejores memes de la Final Regia:<\/p>\n<p style=\"text-align: center;\"><a href=\"https:\/\/www.futboltotal.com.mx\/futbol-mexicano\/liga-mx\/atlas-busca-a-angelo-henriquez-ex-manchester-united\/2017\/12\" target=\"_blank\" rel=\"noopener\">VER M\u00c1S: Atlas amarra a un ex Manchester United<\/a><\/p>\n<p>&nbsp;<\/p>\n<div id=\"attachment_511820\" style=\"width: 550px\" class=\"wp-caption aligncenter\"><img aria-describedby=\"caption-attachment-511820\" decoding=\"async\" loading=\"lazy\" class=\"size-full wp-image-511820\" src=\"https:\/\/www.futboltotal.com.mx\/wp-content\/uploads\/2017\/12\/24312930-1565557856862719-2533824445408360329-n.jpg\" alt=\"La final regia se vivi\u00f3 con todo\" srcset=\"http:\/\/desarrollo.grupomedios.com\/futbol\/wp-content\/uploads\/2017\/12\/24312930-1565557856862719-2533824445408360329-n.jpg 540w, http:\/\/desarrollo.grupomedios.com\/futbol\/wp-content\/uploads\/2017\/12\/24312930-1565557856862719-2533824445408360329-n-179x300.jpg 179w\" sizes=\"(max-width: 540px) 100vw, 540px\" \/><p id=\"caption-attachment-511820\" class=\"wp-caption-text\">Los memes de la final entre Rayados de Monterrey y Tigres UANL<\/p><\/div>\n<div id=\"attachment_511821\" style=\"width: 445px\" class=\"wp-caption aligncenter\"><img aria-describedby=\"caption-attachment-511821\" decoding=\"async\" loading=\"lazy\" class=\"size-full wp-image-511821\" src=\"https:\/\/www.futboltotal.com.mx\/wp-content\/uploads\/2017\/12\/24852139-2045585165728604-4972399423031583908-n.jpg\" alt=\"La final regia se vivi\u00f3 con todo\" srcset=\"http:\/\/desarrollo.grupomedios.com\/futbol\/wp-content\/uploads\/2017\/12\/24852139-2045585165728604-4972399423031583908-n.jpg 435w, http:\/\/desarrollo.grupomedios.com\/futbol\/wp-content\/uploads\/2017\/12\/24852139-2045585165728604-4972399423031583908-n-136x300.jpg 136w\" sizes=\"(max-width: 435px) 100vw, 435px\" \/><p id=\"caption-attachment-511821\" class=\"wp-caption-text\">Los memes de la final entre Rayados de Monterrey y Tigres UANL<\/p><\/div>\n<div id=\"attachment_511822\" style=\"width: 778px\" class=\"wp-caption aligncenter\"><img aria-describedby=\"caption-attachment-511822\" decoding=\"async\" loading=\"lazy\" class=\"size-full wp-image-511822\" src=\"https:\/\/www.futboltotal.com.mx\/wp-content\/uploads\/2017\/12\/24852160-2044494915837629-7399145536418767956-n-768x512.jpg\" alt=\"La final regia se vivi\u00f3 con todo\" srcset=\"http:\/\/desarrollo.grupomedios.com\/futbol\/wp-content\/uploads\/2017\/12\/24852160-2044494915837629-7399145536418767956-n-768x512.jpg 768w, http:\/\/desarrollo.grupomedios.com\/futbol\/wp-content\/uploads\/2017\/12\/24852160-2044494915837629-7399145536418767956-n-768x512-300x200.jpg 300w\" sizes=\"(max-width: 768px) 100vw, 768px\" \/><p id=\"caption-attachment-511822\" class=\"wp-caption-text\">Los memes de la final entre Rayados de Monterrey y Tigres UANL<\/p><\/div>\n<div id=\"attachment_511823\" style=\"width: 901px\" class=\"wp-caption aligncenter\"><img aria-describedby=\"caption-attachment-511823\" decoding=\"async\" loading=\"lazy\" class=\"size-full wp-image-511823\" src=\"https:\/\/www.futboltotal.com.mx\/wp-content\/uploads\/2017\/12\/24899687_1732985306772561_6386698004879788151_n.jpg\" alt=\"La final regia se vivi\u00f3 con todo\" srcset=\"http:\/\/desarrollo.grupomedios.com\/futbol\/wp-content\/uploads\/2017\/12\/24899687_1732985306772561_6386698004879788151_n.jpg 891w, http:\/\/desarrollo.grupomedios.com\/futbol\/wp-content\/uploads\/2017\/12\/24899687_1732985306772561_6386698004879788151_n-278x300.jpg 278w, http:\/\/desarrollo.grupomedios.com\/futbol\/wp-content\/uploads\/2017\/12\/24899687_1732985306772561_6386698004879788151_n-768x827.jpg 768w\" sizes=\"(max-width: 891px) 100vw, 891px\" \/><p id=\"caption-attachment-511823\" class=\"wp-caption-text\">Los memes de la final entre Rayados de Monterrey y Tigres UANL<\/p><\/div>\n<div id=\"attachment_511824\" style=\"width: 970px\" class=\"wp-caption aligncenter\"><img aria-describedby=\"caption-attachment-511824\" decoding=\"async\" loading=\"lazy\" class=\"size-full wp-image-511824\" src=\"https:\/\/www.futboltotal.com.mx\/wp-content\/uploads\/2017\/12\/24899895_1688688037856020_6009122565026304801_n.jpg\" alt=\"La final regia se vivi\u00f3 con todo\" srcset=\"http:\/\/desarrollo.grupomedios.com\/futbol\/wp-content\/uploads\/2017\/12\/24899895_1688688037856020_6009122565026304801_n.jpg 960w, http:\/\/desarrollo.grupomedios.com\/futbol\/wp-content\/uploads\/2017\/12\/24899895_1688688037856020_6009122565026304801_n-300x256.jpg 300w, http:\/\/desarrollo.grupomedios.com\/futbol\/wp-content\/uploads\/2017\/12\/24899895_1688688037856020_6009122565026304801_n-768x656.jpg 768w\" sizes=\"(max-width: 960px) 100vw, 960px\" \/><p id=\"caption-attachment-511824\" class=\"wp-caption-text\">Los memes de la final entre Rayados de Monterrey y Tigres UANL<\/p><\/div>\n<div id=\"attachment_511825\" style=\"width: 970px\" class=\"wp-caption aligncenter\"><img aria-describedby=\"caption-attachment-511825\" decoding=\"async\" loading=\"lazy\" class=\"size-full wp-image-511825\" src=\"https:\/\/www.futboltotal.com.mx\/wp-content\/uploads\/2017\/12\/24900217_1688630697861754_3917922949574971402_n.jpg\" alt=\"La final regia se vivi\u00f3 con todo\" srcset=\"http:\/\/desarrollo.grupomedios.com\/futbol\/wp-content\/uploads\/2017\/12\/24900217_1688630697861754_3917922949574971402_n.jpg 960w, http:\/\/desarrollo.grupomedios.com\/futbol\/wp-content\/uploads\/2017\/12\/24900217_1688630697861754_3917922949574971402_n-300x198.jpg 300w, http:\/\/desarrollo.grupomedios.com\/futbol\/wp-content\/uploads\/2017\/12\/24900217_1688630697861754_3917922949574971402_n-768x506.jpg 768w\" sizes=\"(max-width: 960px) 100vw, 960px\" \/><p id=\"caption-attachment-511825\" class=\"wp-caption-text\">Los memes de la final entre Rayados de Monterrey y Tigres UANL<\/p><\/div>\n<div id=\"attachment_511826\" style=\"width: 970px\" class=\"wp-caption aligncenter\"><img aria-describedby=\"caption-attachment-511826\" decoding=\"async\" loading=\"lazy\" class=\"size-full wp-image-511826\" src=\"https:\/\/www.futboltotal.com.mx\/wp-content\/uploads\/2017\/12\/24900258_1688408331217324_7268905746479939669_n.jpg\" alt=\"La final regia se vivi\u00f3 con todo\" srcset=\"http:\/\/desarrollo.grupomedios.com\/futbol\/wp-content\/uploads\/2017\/12\/24900258_1688408331217324_7268905746479939669_n.jpg 960w, http:\/\/desarrollo.grupomedios.com\/futbol\/wp-content\/uploads\/2017\/12\/24900258_1688408331217324_7268905746479939669_n-300x221.jpg 300w, http:\/\/desarrollo.grupomedios.com\/futbol\/wp-content\/uploads\/2017\/12\/24900258_1688408331217324_7268905746479939669_n-768x566.jpg 768w\" sizes=\"(max-width: 960px) 100vw, 960px\" \/><p id=\"caption-attachment-511826\" class=\"wp-caption-text\">Los memes de la final entre Rayados de Monterrey y Tigres UANL<\/p><\/div>\n<div id=\"attachment_511827\" style=\"width: 730px\" class=\"wp-caption aligncenter\"><img aria-describedby=\"caption-attachment-511827\" decoding=\"async\" loading=\"lazy\" class=\"size-full wp-image-511827\" src=\"https:\/\/www.futboltotal.com.mx\/wp-content\/uploads\/2017\/12\/24993191_1688636977861126_9216572761905373067_n.jpg\" alt=\"La final regia se vivi\u00f3 con todo\" srcset=\"http:\/\/desarrollo.grupomedios.com\/futbol\/wp-content\/uploads\/2017\/12\/24993191_1688636977861126_9216572761905373067_n.jpg 720w, http:\/\/desarrollo.grupomedios.com\/futbol\/wp-content\/uploads\/2017\/12\/24993191_1688636977861126_9216572761905373067_n-225x300.jpg 225w\" sizes=\"(max-width: 720px) 100vw, 720px\" \/><p id=\"caption-attachment-511827\" class=\"wp-caption-text\">Los memes de la final entre Rayados de Monterrey y Tigres UANL<\/p><\/div>\n<div id=\"attachment_511828\" style=\"width: 970px\" class=\"wp-caption aligncenter\"><img aria-describedby=\"caption-attachment-511828\" decoding=\"async\" loading=\"lazy\" class=\"size-full wp-image-511828\" src=\"https:\/\/www.futboltotal.com.mx\/wp-content\/uploads\/2017\/12\/24993535_774361249430471_3646760671015822322_n.jpg\" alt=\"La final regia se vivi\u00f3 con todo\" srcset=\"http:\/\/desarrollo.grupomedios.com\/futbol\/wp-content\/uploads\/2017\/12\/24993535_774361249430471_3646760671015822322_n.jpg 960w, http:\/\/desarrollo.grupomedios.com\/futbol\/wp-content\/uploads\/2017\/12\/24993535_774361249430471_3646760671015822322_n-300x238.jpg 300w, http:\/\/desarrollo.grupomedios.com\/futbol\/wp-content\/uploads\/2017\/12\/24993535_774361249430471_3646760671015822322_n-768x608.jpg 768w\" sizes=\"(max-width: 960px) 100vw, 960px\" \/><p id=\"caption-attachment-511828\" class=\"wp-caption-text\">Los memes de la final entre Rayados de Monterrey y Tigres UANL<\/p><\/div>\n<div id=\"attachment_511829\" style=\"width: 617px\" class=\"wp-caption aligncenter\"><img aria-describedby=\"caption-attachment-511829\" decoding=\"async\" loading=\"lazy\" class=\"size-full wp-image-511829\" src=\"https:\/\/www.futboltotal.com.mx\/wp-content\/uploads\/2017\/12\/25152133_1161498167287006_6933871929021473807_n.jpg\" alt=\"La final regia se vivi\u00f3 con todo\" srcset=\"http:\/\/desarrollo.grupomedios.com\/futbol\/wp-content\/uploads\/2017\/12\/25152133_1161498167287006_6933871929021473807_n.jpg 607w, http:\/\/desarrollo.grupomedios.com\/futbol\/wp-content\/uploads\/2017\/12\/25152133_1161498167287006_6933871929021473807_n-257x300.jpg 257w\" sizes=\"(max-width: 607px) 100vw, 607px\" \/><p id=\"caption-attachment-511829\" class=\"wp-caption-text\">Los memes de la final entre Rayados de Monterrey y Tigres UANL<\/p><\/div>\n<div id=\"attachment_511830\" style=\"width: 970px\" class=\"wp-caption aligncenter\"><img aria-describedby=\"caption-attachment-511830\" decoding=\"async\" loading=\"lazy\" class=\"size-full wp-image-511830\" src=\"https:\/\/www.futboltotal.com.mx\/wp-content\/uploads\/2017\/12\/25152203_1688618981196259_2582035868362621707_n.jpg\" alt=\"La final regia se vivi\u00f3 con todo\" srcset=\"http:\/\/desarrollo.grupomedios.com\/futbol\/wp-content\/uploads\/2017\/12\/25152203_1688618981196259_2582035868362621707_n.jpg 960w, http:\/\/desarrollo.grupomedios.com\/futbol\/wp-content\/uploads\/2017\/12\/25152203_1688618981196259_2582035868362621707_n-300x252.jpg 300w, http:\/\/desarrollo.grupomedios.com\/futbol\/wp-content\/uploads\/2017\/12\/25152203_1688618981196259_2582035868362621707_n-768x646.jpg 768w\" sizes=\"(max-width: 960px) 100vw, 960px\" \/><p id=\"caption-attachment-511830\" class=\"wp-caption-text\">Los memes de la final entre Rayados de Monterrey y Tigres UANL<\/p><\/div>\n<div id=\"attachment_511831\" style=\"width: 496px\" class=\"wp-caption aligncenter\"><img aria-describedby=\"caption-attachment-511831\" decoding=\"async\" loading=\"lazy\" class=\"size-full wp-image-511831\" src=\"https:\/\/www.futboltotal.com.mx\/wp-content\/uploads\/2017\/12\/25289610_1688579164533574_2649075453136387179_n.jpg\" alt=\"La final regia se vivi\u00f3 con todo\" srcset=\"http:\/\/desarrollo.grupomedios.com\/futbol\/wp-content\/uploads\/2017\/12\/25289610_1688579164533574_2649075453136387179_n.jpg 486w, http:\/\/desarrollo.grupomedios.com\/futbol\/wp-content\/uploads\/2017\/12\/25289610_1688579164533574_2649075453136387179_n-239x300.jpg 239w\" sizes=\"(max-width: 486px) 100vw, 486px\" \/><p id=\"caption-attachment-511831\" class=\"wp-caption-text\">Los memes de la final entre Rayados de Monterrey y Tigres UANL<\/p><\/div>\n<div id=\"attachment_511834\" style=\"width: 610px\" class=\"wp-caption aligncenter\"><img aria-describedby=\"caption-attachment-511834\" decoding=\"async\" loading=\"lazy\" class=\"size-full wp-image-511834\" src=\"https:\/\/www.futboltotal.com.mx\/wp-content\/uploads\/2017\/12\/traovolta.jpg\" alt=\"La final regia se vivi\u00f3 con todo\" srcset=\"http:\/\/desarrollo.grupomedios.com\/futbol\/wp-content\/uploads\/2017\/12\/traovolta.jpg 600w, http:\/\/desarrollo.grupomedios.com\/futbol\/wp-content\/uploads\/2017\/12\/traovolta-300x216.jpg 300w\" sizes=\"(max-width: 600px) 100vw, 600px\" \/><p id=\"caption-attachment-511834\" class=\"wp-caption-text\">Los memes de la final entre Rayados de Monterrey y Tigres UANL<\/p><\/div>\n<div id=\"attachment_511833\" style=\"width: 610px\" class=\"wp-caption aligncenter\"><img aria-describedby=\"caption-attachment-511833\" decoding=\"async\" loading=\"lazy\" class=\"size-full wp-image-511833\" src=\"https:\/\/www.futboltotal.com.mx\/wp-content\/uploads\/2017\/12\/tigres2.jpg\" alt=\"La final regia se vivi\u00f3 con todo\" srcset=\"http:\/\/desarrollo.grupomedios.com\/futbol\/wp-content\/uploads\/2017\/12\/tigres2.jpg 600w, http:\/\/desarrollo.grupomedios.com\/futbol\/wp-content\/uploads\/2017\/12\/tigres2-300x179.jpg 300w\" sizes=\"(max-width: 600px) 100vw, 600px\" \/><p id=\"caption-attachment-511833\" class=\"wp-caption-text\">Los memes de la final entre Rayados de Monterrey y Tigres UANL<\/p><\/div>\n<div id=\"attachment_511832\" style=\"width: 830px\" class=\"wp-caption aligncenter\"><img aria-describedby=\"caption-attachment-511832\" decoding=\"async\" loading=\"lazy\" class=\"size-full wp-image-511832\" src=\"https:\/\/www.futboltotal.com.mx\/wp-content\/uploads\/2017\/12\/DQuttL7V4AE5lFW.jpg\" alt=\"La final regia se vivi\u00f3 con todo\" srcset=\"http:\/\/desarrollo.grupomedios.com\/futbol\/wp-content\/uploads\/2017\/12\/DQuttL7V4AE5lFW.jpg 820w, http:\/\/desarrollo.grupomedios.com\/futbol\/wp-content\/uploads\/2017\/12\/DQuttL7V4AE5lFW-300x169.jpg 300w, http:\/\/desarrollo.grupomedios.com\/futbol\/wp-content\/uploads\/2017\/12\/DQuttL7V4AE5lFW-768x433.jpg 768w, http:\/\/desarrollo.grupomedios.com\/futbol\/wp-content\/uploads\/2017\/12\/DQuttL7V4AE5lFW-393x221.jpg 393w\" sizes=\"(max-width: 820px) 100vw, 820px\" \/><p id=\"caption-attachment-511832\" class=\"wp-caption-text\">Los memes de la final entre Rayados de Monterrey y Tigres UANL<\/p><\/div>\n<p style=\"text-align: center;\"><a href=\"https:\/\/www.futboltotal.com.mx\/futbol-mexicano\/liga-mx\/jonathan-gonzalez-en-la-mira-del-borussia-dortmund\/2017\/12\" target=\"_blank\" rel=\"noopener\">VER M\u00c1S: Jonathan Gonz\u00e1lez, en la mira del Borussia Dortmund<\/a><\/p>\n","protected":false},"excerpt":{"rendered":"<p>Los regios brindaron todo en la cancha y en las risas con los memes<\/p>\n","protected":false},"author":159,"featured_media":511835,"comment_status":"closed","ping_status":"closed","sticky":false,"template":"","format":"standard","meta":[],"categories":[7570,2198,3845],"tags":[11343,1329,570],"_links":{"self":[{"href":"http:\/\/desarrollo.grupomedios.com\/futbol\/wp-json\/wp\/v2\/posts\/511817"}],"collection":[{"href":"http:\/\/desarrollo.grupomedios.com\/futbol\/wp-json\/wp\/v2\/posts"}],"about":[{"href":"http:\/\/desarrollo.grupomedios.com\/futbol\/wp-json\/wp\/v2\/types\/post"}],"author":[{"embeddable":true,"href":"http:\/\/desarrollo.grupomedios.com\/futbol\/wp-json\/wp\/v2\/users\/159"}],"replies":[{"embeddable":true,"href":"http:\/\/desarrollo.grupomedios.com\/futbol\/wp-json\/wp\/v2\/comments?post=511817"}],"version-history":[{"count":1,"href":"http:\/\/desarrollo.grupomedios.com\/futbol\/wp-json\/wp\/v2\/posts\/511817\/revisions"}],"predecessor-version":[{"id":511840,"href":"http:\/\/desarrollo.grupomedios.com\/futbol\/wp-json\/wp\/v2\/posts\/511817\/revisions\/511840"}],"wp:featuredmedia":[{"embeddable":true,"href":"http:\/\/desarrollo.grupomedios.com\/futbol\/wp-json\/wp\/v2\/media\/511835"}],"wp:attachment":[{"href":"http:\/\/desarrollo.grupomedios.com\/futbol\/wp-json\/wp\/v2\/media?parent=511817"}],"wp:term":[{"taxonomy":"category","embeddable":true,"href":"http:\/\/desarrollo.grupomedios.com\/futbol\/wp-json\/wp\/v2\/categories?post=511817"},{"taxonomy":"post_tag","embeddable":true,"href":"http:\/\/desarrollo.grupomedios.com\/futbol\/wp-json\/wp\/v2\/tags?post=511817"}],"curies":[{"name":"wp","href":"https:\/\/api.w.org\/{rel}","templated":true}]}}