{"id":511850,"date":"2017-12-10T22:03:21","date_gmt":"2017-12-11T04:03:21","guid":{"rendered":"https:\/\/www.futboltotal.com.mx\/?p=511850"},"modified":"2017-12-10T22:03:21","modified_gmt":"2017-12-11T04:03:21","slug":"tigres-fue-aplaudido-la-aficion-rayados-tras-titulo","status":"publish","type":"post","link":"http:\/\/desarrollo.grupomedios.com\/futbol\/videos\/tigres-fue-aplaudido-la-aficion-rayados-tras-titulo\/2017\/12","title":{"rendered":"Tigres fue aplaudido por la afici\u00f3n de Rayados tras el t\u00edtulo"},"content":{"rendered":"<p>La afici\u00f3n de <strong>Rayados<\/strong>, que apoy\u00f3 con todo pese a la derrota de su equipo en la Final ante los <strong>Tigres<\/strong>, mostr\u00f3 su respeto ante el nuevo campe\u00f3n del futbol mexicano sin importar la rivalidad.<\/p>\n<p>Tras el pitazo final deL \u00e1rbitro<strong> Fernando Guerrero<\/strong>, que decret\u00f3 el sexto t\u00edtulo para los felinos, los jugadores felinos comenzaron a brincar y festejar dentro de la cancha del <strong>estadio BBVA Bancomer<\/strong>, mientras los de <strong>Monterrey<\/strong> se fueron hacia los vestidores.<\/p>\n<p>Fue en ese instante cuando los seguidores del conjunto<em> Albiazul<\/em> se levantaron de sus asientos y pese a que su equipo ya no estaba en el c\u00e9sped, comenzaron a aplaudir a los Tigres mientras el sonido local felicitaba al conjunto universitario por su sexto t\u00edtulo.<\/p>\n<p style=\"text-align: center;\"><span style=\"color: #3366ff;\"><a href=\"https:\/\/www.futboltotal.com.mx\/futbol-mexicano\/liga-mx\/monterrey-1-tigres-2-campeon-del-torneo-apertura-2017\/2017\/12\">VER M\u00c1S: \u00a1Tigres, campe\u00f3n del Torneo Apertura 2017!<\/a><\/span><\/p>\n<blockquote class=\"twitter-video\" data-lang=\"es\">\n<p dir=\"ltr\" lang=\"es\">La afici\u00f3n de <a href=\"https:\/\/twitter.com\/Rayados?ref_src=twsrc%5Etfw\">@Rayados<\/a> aplaudi\u00f3 a <a href=\"https:\/\/twitter.com\/TigresOficial?ref_src=twsrc%5Etfw\">@TigresOficial<\/a> su sexto campeonato. <a href=\"https:\/\/twitter.com\/hashtag\/Respect?src=hash&amp;ref_src=twsrc%5Etfw\">#Respect<\/a> &#x1f44f;&#x1f3fc;&#x1f44f;&#x1f3fc; <a href=\"https:\/\/twitter.com\/MXFutbolTotal?ref_src=twsrc%5Etfw\">@MXFutbolTotal<\/a> <a href=\"https:\/\/t.co\/U7QTFniIKZ\">pic.twitter.com\/U7QTFniIKZ<\/a><\/p>\n<p>\u2014 Jaime Luna C. (@jimmychrist2) <a href=\"https:\/\/twitter.com\/jimmychrist2\/status\/940065485969801218?ref_src=twsrc%5Etfw\">11 de diciembre de 2017<\/a><\/p><\/blockquote>\n<p><script async src=\"https:\/\/platform.twitter.com\/widgets.js\" charset=\"utf-8\"><\/script><\/p>\n","protected":false},"excerpt":{"rendered":"<p>La afici\u00f3n de Monterrey mostr\u00f3 gran respeto por el Campe\u00f3n.<\/p>\n","protected":false},"author":129,"featured_media":511853,"comment_status":"closed","ping_status":"closed","sticky":false,"template":"","format":"standard","meta":[],"categories":[2198,3845,4],"tags":[8357,11312,64,497,5973],"_links":{"self":[{"href":"http:\/\/desarrollo.grupomedios.com\/futbol\/wp-json\/wp\/v2\/posts\/511850"}],"collection":[{"href":"http:\/\/desarrollo.grupomedios.com\/futbol\/wp-json\/wp\/v2\/posts"}],"about":[{"href":"http:\/\/desarrollo.grupomedios.com\/futbol\/wp-json\/wp\/v2\/types\/post"}],"author":[{"embeddable":true,"href":"http:\/\/desarrollo.grupomedios.com\/futbol\/wp-json\/wp\/v2\/users\/129"}],"replies":[{"embeddable":true,"href":"http:\/\/desarrollo.grupomedios.com\/futbol\/wp-json\/wp\/v2\/comments?post=511850"}],"version-history":[{"count":1,"href":"http:\/\/desarrollo.grupomedios.com\/futbol\/wp-json\/wp\/v2\/posts\/511850\/revisions"}],"predecessor-version":[{"id":511854,"href":"http:\/\/desarrollo.grupomedios.com\/futbol\/wp-json\/wp\/v2\/posts\/511850\/revisions\/511854"}],"wp:featuredmedia":[{"embeddable":true,"href":"http:\/\/desarrollo.grupomedios.com\/futbol\/wp-json\/wp\/v2\/media\/511853"}],"wp:attachment":[{"href":"http:\/\/desarrollo.grupomedios.com\/futbol\/wp-json\/wp\/v2\/media?parent=511850"}],"wp:term":[{"taxonomy":"category","embeddable":true,"href":"http:\/\/desarrollo.grupomedios.com\/futbol\/wp-json\/wp\/v2\/categories?post=511850"},{"taxonomy":"post_tag","embeddable":true,"href":"http:\/\/desarrollo.grupomedios.com\/futbol\/wp-json\/wp\/v2\/tags?post=511850"}],"curies":[{"name":"wp","href":"https:\/\/api.w.org\/{rel}","templated":true}]}}