{"id":511858,"date":"2017-12-10T23:40:51","date_gmt":"2017-12-11T05:40:51","guid":{"rendered":"https:\/\/www.futboltotal.com.mx\/?p=511858"},"modified":"2017-12-10T23:40:51","modified_gmt":"2017-12-11T05:40:51","slug":"hemos-sido-superiores-futbolisticamente-nahuel-guzman","status":"publish","type":"post","link":"http:\/\/desarrollo.grupomedios.com\/futbol\/futbol-mexicano\/hemos-sido-superiores-futbolisticamente-nahuel-guzman\/2017\/12","title":{"rendered":"&#8220;Hemos sido superiores futbol\u00edsticamente&#8221;: Nahuel Guzm\u00e1n"},"content":{"rendered":"<p>Luego del error que tuvo a media semana en el <span style=\"color: #3366ff;\"><a href=\"https:\/\/www.futboltotal.com.mx\/destacado-home\/tigres-1-monterrey-1-final-ida-apertura-2017-resumen\/2017\/12\">partido de Ida de la Final del Apertura 2017<\/a><\/span>, la afici\u00f3n de <strong>Tigres<\/strong> arrop\u00f3 a <strong>Nahuel Guzm\u00e1n<\/strong> para el juego de Vuelta y el arquero argentino no defraud\u00f3.<\/p>\n<p>Durante el encuentro disputado en el <strong>BBVA Bancomer<\/strong>, <em>el Pat\u00f3n<\/em> destac\u00f3 la gran labor que tuvo el equipo para poderse coronar una vez m\u00e1s en la <strong>Liga MX<\/strong>, aunque ahora fue distinto, pues enfrentaron al archirival, <strong>Monterrey<\/strong>.<\/p>\n<p style=\"text-align: center;\"><span style=\"color: #3366ff;\"><a href=\"https:\/\/www.futboltotal.com.mx\/futbol-mexicano\/liga-mx\/si-no-llevabamos-copa-volcan-no-podiamos-volver-enner-valencia\/2017\/12\">VER M\u00c1S: Si no llev\u00e1bamos la Copa al Volc\u00e1n, no pod\u00edamos volver: Enner Valencia<\/a><\/span><\/p>\n<p>&#8220;Hemos sido superiores futbol\u00edsticamente. Ganar esta Final tiene un significado especial para nosotros y sobre todo para la gente que no ha podido estar con nosotros&#8221;, expres\u00f3.<\/p>\n<p>El seleccionado de la <strong>Albiceleste<\/strong> tambi\u00e9n habl\u00f3 sobre las personas que no pudieron estar cerca y dio gracias a los suplentes de Tigres y que por alg\u00fan motivo no han podido desempe\u00f1arse en el campeonato como el equipo titular.<\/p>\n<p>&#8220;Para los que est\u00e1n en <strong>Argentina<\/strong> y esto tambi\u00e9n es para los chicos que no han jugado lo suficiente, tambi\u00e9n fue especial&#8221;, destac\u00f3 Guzm\u00e1n.<\/p>\n","protected":false},"excerpt":{"rendered":"<p>El portero argentino destac\u00f3 la labor de su equipo.<\/p>\n","protected":false},"author":129,"featured_media":511859,"comment_status":"closed","ping_status":"closed","sticky":false,"template":"","format":"standard","meta":[],"categories":[2198,3845],"tags":[11312,3883,64,6129,5973],"_links":{"self":[{"href":"http:\/\/desarrollo.grupomedios.com\/futbol\/wp-json\/wp\/v2\/posts\/511858"}],"collection":[{"href":"http:\/\/desarrollo.grupomedios.com\/futbol\/wp-json\/wp\/v2\/posts"}],"about":[{"href":"http:\/\/desarrollo.grupomedios.com\/futbol\/wp-json\/wp\/v2\/types\/post"}],"author":[{"embeddable":true,"href":"http:\/\/desarrollo.grupomedios.com\/futbol\/wp-json\/wp\/v2\/users\/129"}],"replies":[{"embeddable":true,"href":"http:\/\/desarrollo.grupomedios.com\/futbol\/wp-json\/wp\/v2\/comments?post=511858"}],"version-history":[{"count":1,"href":"http:\/\/desarrollo.grupomedios.com\/futbol\/wp-json\/wp\/v2\/posts\/511858\/revisions"}],"predecessor-version":[{"id":511860,"href":"http:\/\/desarrollo.grupomedios.com\/futbol\/wp-json\/wp\/v2\/posts\/511858\/revisions\/511860"}],"wp:featuredmedia":[{"embeddable":true,"href":"http:\/\/desarrollo.grupomedios.com\/futbol\/wp-json\/wp\/v2\/media\/511859"}],"wp:attachment":[{"href":"http:\/\/desarrollo.grupomedios.com\/futbol\/wp-json\/wp\/v2\/media?parent=511858"}],"wp:term":[{"taxonomy":"category","embeddable":true,"href":"http:\/\/desarrollo.grupomedios.com\/futbol\/wp-json\/wp\/v2\/categories?post=511858"},{"taxonomy":"post_tag","embeddable":true,"href":"http:\/\/desarrollo.grupomedios.com\/futbol\/wp-json\/wp\/v2\/tags?post=511858"}],"curies":[{"name":"wp","href":"https:\/\/api.w.org\/{rel}","templated":true}]}}