{"id":511872,"date":"2017-12-11T17:46:32","date_gmt":"2017-12-11T23:46:32","guid":{"rendered":"https:\/\/www.futboltotal.com.mx\/?p=511872"},"modified":"2017-12-11T17:46:35","modified_gmt":"2017-12-11T23:46:35","slug":"chaco-gimenez-seguira-en-cruz-azul","status":"publish","type":"post","link":"http:\/\/desarrollo.grupomedios.com\/futbol\/destacado-home\/chaco-gimenez-seguira-en-cruz-azul\/2017\/12","title":{"rendered":"Chaco Gim\u00e9nez no seguir\u00e1 en Cruz Azul"},"content":{"rendered":"<p><em>Por: ESPN<\/em><\/p>\n<p>La llegada de <strong>Pedro Caixinha<\/strong> a <strong>Cruz Azul<\/strong> trajo consigo una importante sacudida en el vestidor, que ya no contar\u00e1 con la presencia de <strong>Christian Gim\u00e9nez<\/strong>, uno de los \u00faltimos emblemas de la instituci\u00f3n y quien saldr\u00e1 del club al que defendi\u00f3 desde hace siete a\u00f1os.<\/p>\n<p>El &#8216;<strong>Chaco<\/strong>&#8216;, con 36 a\u00f1os de edad, no entra en planes con el conjunto de la Noria para afrontar el <strong>Clausura 2018<\/strong>, certamen en el que <strong>Jos\u00e9 de Jes\u00fas Corona<\/strong> fungir\u00e1 como capit\u00e1n, escenario que tambi\u00e9n confirma su permanencia en la instituci\u00f3n por seis meses m\u00e1s.<\/p>\n<p style=\"text-align: center;\"><span style=\"color: #3366ff;\"><a href=\"https:\/\/www.futboltotal.com.mx\/futbol-mexicano\/liga-mx\/gignac-ahora-quiere-tigres-vaya-al-mundial-clubes\/2017\/12\">VER M\u00c1S: Gignac ahora quiere que Tigres vaya al Mundial de Clubes<\/a><\/span><\/p>\n<p>&#8220;Corona es nuestro capit\u00e1n y Chaco no va a continuar. Es una decisi\u00f3n m\u00eda. Es un grand\u00edsimo jugador y hab\u00eda que tomar la decisi\u00f3n en relaci\u00f3n a su futuro y en eso estamos. Ya habl\u00e9 con \u00e9l y todo est\u00e1 muy claro\u201d, declar\u00f3 al respecto el <em>Forcado<\/em>, reci\u00e9n llegado al cuadro de la Noria.<\/p>\n","protected":false},"excerpt":{"rendered":"<p>Pedro Caixinha confirm\u00f3 la salida del jugador cementero.<\/p>\n","protected":false},"author":129,"featured_media":494276,"comment_status":"closed","ping_status":"closed","sticky":false,"template":"","format":"standard","meta":[],"categories":[5,2198,3845],"tags":[368,5962,64,1968],"_links":{"self":[{"href":"http:\/\/desarrollo.grupomedios.com\/futbol\/wp-json\/wp\/v2\/posts\/511872"}],"collection":[{"href":"http:\/\/desarrollo.grupomedios.com\/futbol\/wp-json\/wp\/v2\/posts"}],"about":[{"href":"http:\/\/desarrollo.grupomedios.com\/futbol\/wp-json\/wp\/v2\/types\/post"}],"author":[{"embeddable":true,"href":"http:\/\/desarrollo.grupomedios.com\/futbol\/wp-json\/wp\/v2\/users\/129"}],"replies":[{"embeddable":true,"href":"http:\/\/desarrollo.grupomedios.com\/futbol\/wp-json\/wp\/v2\/comments?post=511872"}],"version-history":[{"count":1,"href":"http:\/\/desarrollo.grupomedios.com\/futbol\/wp-json\/wp\/v2\/posts\/511872\/revisions"}],"predecessor-version":[{"id":511873,"href":"http:\/\/desarrollo.grupomedios.com\/futbol\/wp-json\/wp\/v2\/posts\/511872\/revisions\/511873"}],"wp:featuredmedia":[{"embeddable":true,"href":"http:\/\/desarrollo.grupomedios.com\/futbol\/wp-json\/wp\/v2\/media\/494276"}],"wp:attachment":[{"href":"http:\/\/desarrollo.grupomedios.com\/futbol\/wp-json\/wp\/v2\/media?parent=511872"}],"wp:term":[{"taxonomy":"category","embeddable":true,"href":"http:\/\/desarrollo.grupomedios.com\/futbol\/wp-json\/wp\/v2\/categories?post=511872"},{"taxonomy":"post_tag","embeddable":true,"href":"http:\/\/desarrollo.grupomedios.com\/futbol\/wp-json\/wp\/v2\/tags?post=511872"}],"curies":[{"name":"wp","href":"https:\/\/api.w.org\/{rel}","templated":true}]}}