{"id":511874,"date":"2017-12-11T12:18:43","date_gmt":"2017-12-11T18:18:43","guid":{"rendered":"https:\/\/www.futboltotal.com.mx\/?p=511874"},"modified":"2017-12-11T12:26:27","modified_gmt":"2017-12-11T18:26:27","slug":"chivas-le-roba-fichaje-al-america","status":"publish","type":"post","link":"http:\/\/desarrollo.grupomedios.com\/futbol\/futbol-mexicano\/chivas-le-roba-fichaje-al-america\/2017\/12","title":{"rendered":"Chivas le &#8216;roba&#8217; un fichaje al Am\u00e9rica"},"content":{"rendered":"<p><strong>POR STAFF:\u00a0<\/strong><\/p>\n<p>Las <strong>Chivas<\/strong> del Guadalaj ara le habr\u00edan robado el primer fichaje al <strong>Am\u00e9rica<\/strong>, los dos equipos estaban muy interesado en <strong>Henry Mart\u00edn<\/strong>, delantero de los Xolos de Tijuana, sin embargo, el Reba\u00f1o se adelant\u00f3 y ya tendr\u00eda todo listo para que el nacido en M\u00e9rida, Yucat\u00e1n se vista de rojiblanco para el Clausura 2018.<\/p>\n<p>Seg\u00fan informaci\u00f3n del diario mexicano R\u00e9cord, los dirigidos por Mat\u00edas Almeyda buscan <strong>comprar<\/strong> al mexicano, mientras que las \u00c1guilas s\u00f3lo habr\u00edan pedido un pr\u00e9stamo a la escuadra fronteriza, por esta raz\u00f3n los Xolos ver\u00edan con mejor ojos la oferta de Guadalajara.<\/p>\n<p style=\"text-align: center;\"><span style=\"color: #0000ff;\">VER M\u00c1S:\u00a0<a href=\"https:\/\/www.futboltotal.com.mx\/futbol-mexicano\/liga-mx\/atlas-busca-a-angelo-henriquez-ex-manchester-united\/2017\/12\" target=\"_blank\" rel=\"noopener\">Atlas busca a \u00c1ngelo Henr\u00edquez ex Manchester United<\/a><\/span><\/p>\n<p>En esta temporada Mart\u00edn tuvo una mala campa\u00f1a, pues \u00fanicamente disput\u00f3 8 encuentros, de los cuales dos fueron como titular y en ninguno de ellos pudo terminar los 90 minutos,\u00a0 adem\u00e1s de que se fue <strong>sin goles<\/strong> en los 201 minutos que tuvo de actividad.<\/p>\n<p>Seg\u00fan el sitio web Transfermarkt el delantero mexicano tiene un valor de <strong>un mill\u00f3n de d\u00f3lares<\/strong>, sin embargo, se espera que el Reba\u00f1o pague m\u00e1s de eso, debido a que es de los pocos delanteros mexicanos en el mercado.<\/p>\n<p>El dato que m\u00e1s debe preocupar a las Chivas, es que Henry Mart\u00edn no anota desde hace m\u00e1s de medio a\u00f1o, se lo hizo a los Monarcas en liguilla, el duelo de Cuartos de Final del Clausura 2017.<\/p>\n<p style=\"text-align: center;\"><span style=\"color: #0000ff;\">VER M\u00c1S:\u00a0<a href=\"https:\/\/www.futboltotal.com.mx\/futbol-internacional\/liga-de-espana\/guardado-estara-varias-semanas-lesion\/2017\/12\" target=\"_blank\" rel=\"noopener\">Guardado estar\u00e1 fuera varias semanas por lesi\u00f3n<\/a><\/span><\/p>\n<p>Aqu\u00ed les recordamos un gol que el Henry Mart\u00edn le hiciera a las Chivas:<br \/>\n<iframe loading=\"lazy\" src=\"https:\/\/www.youtube.com\/embed\/rfFzasVoZMI\" frameborder=\"0\" allowfullscreen=\"allowfullscreen\"><\/iframe><\/p>\n","protected":false},"excerpt":{"rendered":"<p>Las Chivas le habr\u00edan &#8216;robado&#8217; a Henry Mart\u00edn a las \u00c1guilas del Am\u00e9rica. <\/p>\n","protected":false},"author":155,"featured_media":511875,"comment_status":"closed","ping_status":"closed","sticky":false,"template":"","format":"standard","meta":[],"categories":[7740,2198,3845],"tags":[5959,70,5963,6142],"_links":{"self":[{"href":"http:\/\/desarrollo.grupomedios.com\/futbol\/wp-json\/wp\/v2\/posts\/511874"}],"collection":[{"href":"http:\/\/desarrollo.grupomedios.com\/futbol\/wp-json\/wp\/v2\/posts"}],"about":[{"href":"http:\/\/desarrollo.grupomedios.com\/futbol\/wp-json\/wp\/v2\/types\/post"}],"author":[{"embeddable":true,"href":"http:\/\/desarrollo.grupomedios.com\/futbol\/wp-json\/wp\/v2\/users\/155"}],"replies":[{"embeddable":true,"href":"http:\/\/desarrollo.grupomedios.com\/futbol\/wp-json\/wp\/v2\/comments?post=511874"}],"version-history":[{"count":3,"href":"http:\/\/desarrollo.grupomedios.com\/futbol\/wp-json\/wp\/v2\/posts\/511874\/revisions"}],"predecessor-version":[{"id":511878,"href":"http:\/\/desarrollo.grupomedios.com\/futbol\/wp-json\/wp\/v2\/posts\/511874\/revisions\/511878"}],"wp:featuredmedia":[{"embeddable":true,"href":"http:\/\/desarrollo.grupomedios.com\/futbol\/wp-json\/wp\/v2\/media\/511875"}],"wp:attachment":[{"href":"http:\/\/desarrollo.grupomedios.com\/futbol\/wp-json\/wp\/v2\/media?parent=511874"}],"wp:term":[{"taxonomy":"category","embeddable":true,"href":"http:\/\/desarrollo.grupomedios.com\/futbol\/wp-json\/wp\/v2\/categories?post=511874"},{"taxonomy":"post_tag","embeddable":true,"href":"http:\/\/desarrollo.grupomedios.com\/futbol\/wp-json\/wp\/v2\/tags?post=511874"}],"curies":[{"name":"wp","href":"https:\/\/api.w.org\/{rel}","templated":true}]}}