{"id":511882,"date":"2017-12-11T13:32:09","date_gmt":"2017-12-11T19:32:09","guid":{"rendered":"https:\/\/www.futboltotal.com.mx\/?p=511882"},"modified":"2017-12-11T13:32:09","modified_gmt":"2017-12-11T19:32:09","slug":"oficial-matias-alustiza-reforzara-a-los-pumas","status":"publish","type":"post","link":"http:\/\/desarrollo.grupomedios.com\/futbol\/futbol-mexicano\/oficial-matias-alustiza-reforzara-a-los-pumas\/2017\/12","title":{"rendered":"\u00a1OFICIAL! Mat\u00edas Alustiza reforzar\u00e1 a los Pumas"},"content":{"rendered":"<p>Los rojinegros del Atlas hicieron oficial el pr\u00e9stamo por un a\u00f1o de de <strong>Mat\u00edas Alustiza<\/strong> a los <strong>Pumas<\/strong>, de esta manera los auriazules suman su tercer fichaje de cara al Clausura 2018; pues ya se ha informado la llegada de Yuber Asprilla y Alejandro Arribas.<\/p>\n<p>&nbsp;<\/p>\n<blockquote class=\"twitter-tweet\" data-lang=\"es\">\n<p dir=\"ltr\" lang=\"es\">Mat\u00edas Alustiza formar\u00e1 parte de <a href=\"https:\/\/twitter.com\/PumasMX?ref_src=twsrc%5Etfw\">@PumasMX<\/a>; el delantero fue transferido en calidad de pr\u00e9stamo por un a\u00f1o. <a href=\"https:\/\/t.co\/YcftCLIw2w\">pic.twitter.com\/YcftCLIw2w<\/a><\/p>\n<p>\u2014 Atlas FC (@atlasfc) <a href=\"https:\/\/twitter.com\/atlasfc\/status\/940295763430727680?ref_src=twsrc%5Etfw\">11 de diciembre de 2017<\/a><\/p><\/blockquote>\n<p><script async src=\"https:\/\/platform.twitter.com\/widgets.js\" charset=\"utf-8\"><\/script><\/p>\n<p>El argentino de 33 a\u00f1os jugar\u00e1 en su cuarto club de la Liga MX, luego de haber defendido las camisetas del Puebla, Pachuca y <strong>Atlas<\/strong>. Adem\u00e1s de tener experiencia en el futbol argentino, espa\u00f1ol y ecuatoriano.<\/p>\n<p style=\"text-align: center;\"><span style=\"color: #0000ff;\">VER M\u00c1S:<a href=\"https:\/\/www.futboltotal.com.mx\/futbol-mexicano\/liga-mx\/chaco-gimenez-seguira-en-cruz-azul\/2017\/12\" target=\"_blank\" rel=\"noopener\">Chaco Gim\u00e9nez no seguir\u00e1 en Cruz Azul<\/a><\/span><\/p>\n<p>La temporada pasada Alustiza fue fundamental en meter a lo rojinegros a la liguilla en el octavo puesto, aunque fue goleado en los cuartos de final por el Monterrey, pues jug\u00f3 14 partidos, 9 de ellos como titular y anot\u00f3 <strong>cinco goles<\/strong>.<\/p>\n<p>Con esta incorporaci\u00f3n los Pumas podr\u00e1n ganar m\u00e1s toque de bal\u00f3n y se espera que los universitarios tengan m\u00e1s poder ofensivo con Nicol\u00e1s Castillo y el refuerzo Asprilla que jugar\u00e1 como extremo. Castillo de centro delantero y detr\u00e1s de \u00e9l el &#8216;Chavo&#8217;.<\/p>\n<p style=\"text-align: center;\"><span style=\"color: #0000ff;\">VER M\u00c1S:\u00a0<a href=\"https:\/\/www.futboltotal.com.mx\/futbol-mexicano\/liga-mx\/chivas-le-roba-fichaje-al-america\/2017\/12\" target=\"_blank\" rel=\"noopener\">Chivas le \u2018roba\u2019 un fichaje al Am\u00e9rica<\/a><\/span><\/p>\n","protected":false},"excerpt":{"rendered":"<p>Mat\u00edas Alustiza reforzar\u00e1 a los Pumas de la Universidad, los rojinegros de Atlas hicieron oficial la transacci\u00f3n. <\/p>\n","protected":false},"author":155,"featured_media":511885,"comment_status":"closed","ping_status":"closed","sticky":false,"template":"","format":"standard","meta":[],"categories":[7740,2198,3845],"tags":[5961,640,710,74],"_links":{"self":[{"href":"http:\/\/desarrollo.grupomedios.com\/futbol\/wp-json\/wp\/v2\/posts\/511882"}],"collection":[{"href":"http:\/\/desarrollo.grupomedios.com\/futbol\/wp-json\/wp\/v2\/posts"}],"about":[{"href":"http:\/\/desarrollo.grupomedios.com\/futbol\/wp-json\/wp\/v2\/types\/post"}],"author":[{"embeddable":true,"href":"http:\/\/desarrollo.grupomedios.com\/futbol\/wp-json\/wp\/v2\/users\/155"}],"replies":[{"embeddable":true,"href":"http:\/\/desarrollo.grupomedios.com\/futbol\/wp-json\/wp\/v2\/comments?post=511882"}],"version-history":[{"count":2,"href":"http:\/\/desarrollo.grupomedios.com\/futbol\/wp-json\/wp\/v2\/posts\/511882\/revisions"}],"predecessor-version":[{"id":511886,"href":"http:\/\/desarrollo.grupomedios.com\/futbol\/wp-json\/wp\/v2\/posts\/511882\/revisions\/511886"}],"wp:featuredmedia":[{"embeddable":true,"href":"http:\/\/desarrollo.grupomedios.com\/futbol\/wp-json\/wp\/v2\/media\/511885"}],"wp:attachment":[{"href":"http:\/\/desarrollo.grupomedios.com\/futbol\/wp-json\/wp\/v2\/media?parent=511882"}],"wp:term":[{"taxonomy":"category","embeddable":true,"href":"http:\/\/desarrollo.grupomedios.com\/futbol\/wp-json\/wp\/v2\/categories?post=511882"},{"taxonomy":"post_tag","embeddable":true,"href":"http:\/\/desarrollo.grupomedios.com\/futbol\/wp-json\/wp\/v2\/tags?post=511882"}],"curies":[{"name":"wp","href":"https:\/\/api.w.org\/{rel}","templated":true}]}}