{"id":511891,"date":"2017-12-11T15:57:33","date_gmt":"2017-12-11T21:57:33","guid":{"rendered":"https:\/\/www.futboltotal.com.mx\/?p=511891"},"modified":"2017-12-11T15:58:33","modified_gmt":"2017-12-11T21:58:33","slug":"cruz-azul-tendra-5-bajas-clausura-2018","status":"publish","type":"post","link":"http:\/\/desarrollo.grupomedios.com\/futbol\/futbol-mexicano\/cruz-azul-tendra-5-bajas-clausura-2018\/2017\/12","title":{"rendered":"Cruz Azul tendr\u00e1 5 bajas para el Clausura 2018"},"content":{"rendered":"<p><strong>POR: STAFF FT<\/strong><\/p>\n<p>Con la llegada del estratega portugu\u00e9s, <strong>Pedro Caixinha<\/strong> a la instituci\u00f3n de<strong> Cruz Azul<\/strong>, habr\u00e1 cambios importantes en la plantilla de cara al pr\u00f3ximo torneo<strong> Clausura 2018<\/strong>, de entrada el nuevo timonel de los celestes hizo p\u00fablico que <strong>Christian &#8216;Chaco&#8217; Gim\u00e9nez<\/strong> no continuar\u00e1 siendo parte del equipo luego de diez a\u00f1os siendo parte de La M\u00e1quina.<\/p>\n<p style=\"text-align: center;\"><a href=\"https:\/\/www.futboltotal.com.mx\/futbol-mexicano\/liga-mx\/oficial-matias-alustiza-reforzara-a-los-pumas\/2017\/12\" target=\"_blank\" rel=\"noopener\">VER M\u00c1S: Mat\u00edas Alustiza es nuevo refuerzo de Pumas<\/a><\/p>\n<p>&#8220;Yo te digo en relaci\u00f3n a\u00a0<b>Corona es nuestro capit\u00e1n<\/b>\u00a0y punto.\u00a0<b>El Chaco no va a continuar con nosotros<\/b>. Es una decisi\u00f3n por supuesto tambi\u00e9n m\u00eda en \u00faltima instancia&#8221;, expres\u00f3, sin embargo de igual forma habr\u00e1 otros cuatro elementos que no seguir\u00e1n siendo parte del cuadro cementero.<\/p>\n<p>Los mediocampistas\u00a0<strong>Gabriel Pe\u00f1alba, V\u00edctor Monta\u00f1o\u00a0<\/strong>y el defensa\u00a0<strong>Omar Mendoza<\/strong><b>\u00a0<\/b>tampoco continuar\u00e1n dentro del plantel y habr\u00e1 una baja m\u00e1s que el portugu\u00e9s no dese\u00f3 dar a conocer pues no ha tenido la oportunidad de comentarlo personalmente con el futbolista.<\/p>\n<p style=\"text-align: center;\"><a href=\"https:\/\/www.futboltotal.com.mx\/futbol-mexicano\/liga-mx\/chivas-le-roba-fichaje-al-america\/2017\/12\" target=\"_blank\" rel=\"noopener\">VER M\u00c1S: Chivas le roba un fichaje al Am\u00e9rica<\/a><\/p>\n","protected":false},"excerpt":{"rendered":"<p>El estratega portugu\u00e9s cepillar\u00e1 a cuatro elementos adem\u00e1s del Chaco Gim\u00e9nez<\/p>\n","protected":false},"author":159,"featured_media":511892,"comment_status":"closed","ping_status":"closed","sticky":false,"template":"","format":"standard","meta":[],"categories":[2198,3845],"tags":[9028,5962,64,1968],"_links":{"self":[{"href":"http:\/\/desarrollo.grupomedios.com\/futbol\/wp-json\/wp\/v2\/posts\/511891"}],"collection":[{"href":"http:\/\/desarrollo.grupomedios.com\/futbol\/wp-json\/wp\/v2\/posts"}],"about":[{"href":"http:\/\/desarrollo.grupomedios.com\/futbol\/wp-json\/wp\/v2\/types\/post"}],"author":[{"embeddable":true,"href":"http:\/\/desarrollo.grupomedios.com\/futbol\/wp-json\/wp\/v2\/users\/159"}],"replies":[{"embeddable":true,"href":"http:\/\/desarrollo.grupomedios.com\/futbol\/wp-json\/wp\/v2\/comments?post=511891"}],"version-history":[{"count":2,"href":"http:\/\/desarrollo.grupomedios.com\/futbol\/wp-json\/wp\/v2\/posts\/511891\/revisions"}],"predecessor-version":[{"id":511894,"href":"http:\/\/desarrollo.grupomedios.com\/futbol\/wp-json\/wp\/v2\/posts\/511891\/revisions\/511894"}],"wp:featuredmedia":[{"embeddable":true,"href":"http:\/\/desarrollo.grupomedios.com\/futbol\/wp-json\/wp\/v2\/media\/511892"}],"wp:attachment":[{"href":"http:\/\/desarrollo.grupomedios.com\/futbol\/wp-json\/wp\/v2\/media?parent=511891"}],"wp:term":[{"taxonomy":"category","embeddable":true,"href":"http:\/\/desarrollo.grupomedios.com\/futbol\/wp-json\/wp\/v2\/categories?post=511891"},{"taxonomy":"post_tag","embeddable":true,"href":"http:\/\/desarrollo.grupomedios.com\/futbol\/wp-json\/wp\/v2\/tags?post=511891"}],"curies":[{"name":"wp","href":"https:\/\/api.w.org\/{rel}","templated":true}]}}