{"id":511895,"date":"2017-12-11T16:14:50","date_gmt":"2017-12-11T22:14:50","guid":{"rendered":"https:\/\/www.futboltotal.com.mx\/?p=511895"},"modified":"2017-12-11T16:14:50","modified_gmt":"2017-12-11T22:14:50","slug":"atlas-presenta-lista-de-transferibles","status":"publish","type":"post","link":"http:\/\/desarrollo.grupomedios.com\/futbol\/futbol-mexicano\/atlas-presenta-lista-de-transferibles\/2017\/12","title":{"rendered":"Atlas presenta su lista de transferibles"},"content":{"rendered":"<p><strong>POR: STAFF FT<\/strong><\/p>\n<p>El cuadro de los <strong>Rojinegros del Atlas<\/strong> dio a conocer su lista de transferibles para el torneo<strong> Clausura 2018,<\/strong> una vez que de igual manera ya han colocado a <strong>Mat\u00edas Alustiza<\/strong> en <strong>Pumas<\/strong> y a los futbolistas <strong>Cristian Tab\u00f3 y Diego<\/strong> <strong>Cruz<\/strong> al <strong>Puebla,<\/strong> los tres futbolistas se ir\u00e1n en calidad de pr\u00e9stamo.<\/p>\n<p>Ser\u00e1n cinco futbolistas que intentar\u00e1n colocar en otros equipos con el objetivo de aligerar la plantilla y traer nuevos refuerzos que cumplan con las expectativas del club, luego de quedar eliminados en Cuartos de Final del <strong>Apertura 2017<\/strong> a manos de Rayados de Monterrey. La lista de futbolistas que ya no ser\u00e1n parte de los Zorros es la siguiente:<\/p>\n<p style=\"text-align: center;\"><a href=\"https:\/\/www.futboltotal.com.mx\/futbol-mexicano\/liga-mx\/chaco-gimenez-seguira-en-cruz-azul\/2017\/12\" target=\"_blank\" rel=\"noopener\">VER M\u00c1S: Chaco Gim\u00e9nez no seguir\u00e1 en Cruz Azul<\/a><\/p>\n<p><strong>&#8211; Fidel Mart\u00ednez<\/strong><\/p>\n<p><strong>&#8211; Facundo Erpen<\/strong><\/p>\n<p><strong>&#8211; Carlos Nava<\/strong><\/p>\n<p><strong>&#8211; Flavio Santos<\/strong><\/p>\n<p><strong>&#8211; Jefferson Duque<\/strong><\/p>\n<p>Estos cinco nombres son los que aparecen en la lista para abandonar el plantel, adem\u00e1s de los tres ya mencionados que dejar\u00e1n el club en calidad de pr\u00e9stamo. A ellos debe agregarse los nombres de <strong>Jos\u00e9 Madue\u00f1a y Javier Salas<\/strong> quienes saldr\u00e1n a <strong>Cruz Azul<\/strong> a falta de un anuncio oficial.<\/p>\n<p style=\"text-align: center;\"><a href=\"https:\/\/www.futboltotal.com.mx\/futbol-mexicano\/liga-mx\/chivas-le-roba-fichaje-al-america\/2017\/12\" target=\"_blank\" rel=\"noopener\">VER M\u00c1S: Chivas le roba un fichaje al Am\u00e9rica<\/a><\/p>\n","protected":false},"excerpt":{"rendered":"<p>El cuadro Rojinegro har\u00e1 una limpia en su escuadra de cara al pr\u00f3ximo torneo<\/p>\n","protected":false},"author":159,"featured_media":511896,"comment_status":"closed","ping_status":"closed","sticky":false,"template":"","format":"standard","meta":[],"categories":[2198,3845],"tags":[5961,9028,64,475],"_links":{"self":[{"href":"http:\/\/desarrollo.grupomedios.com\/futbol\/wp-json\/wp\/v2\/posts\/511895"}],"collection":[{"href":"http:\/\/desarrollo.grupomedios.com\/futbol\/wp-json\/wp\/v2\/posts"}],"about":[{"href":"http:\/\/desarrollo.grupomedios.com\/futbol\/wp-json\/wp\/v2\/types\/post"}],"author":[{"embeddable":true,"href":"http:\/\/desarrollo.grupomedios.com\/futbol\/wp-json\/wp\/v2\/users\/159"}],"replies":[{"embeddable":true,"href":"http:\/\/desarrollo.grupomedios.com\/futbol\/wp-json\/wp\/v2\/comments?post=511895"}],"version-history":[{"count":1,"href":"http:\/\/desarrollo.grupomedios.com\/futbol\/wp-json\/wp\/v2\/posts\/511895\/revisions"}],"predecessor-version":[{"id":511897,"href":"http:\/\/desarrollo.grupomedios.com\/futbol\/wp-json\/wp\/v2\/posts\/511895\/revisions\/511897"}],"wp:featuredmedia":[{"embeddable":true,"href":"http:\/\/desarrollo.grupomedios.com\/futbol\/wp-json\/wp\/v2\/media\/511896"}],"wp:attachment":[{"href":"http:\/\/desarrollo.grupomedios.com\/futbol\/wp-json\/wp\/v2\/media?parent=511895"}],"wp:term":[{"taxonomy":"category","embeddable":true,"href":"http:\/\/desarrollo.grupomedios.com\/futbol\/wp-json\/wp\/v2\/categories?post=511895"},{"taxonomy":"post_tag","embeddable":true,"href":"http:\/\/desarrollo.grupomedios.com\/futbol\/wp-json\/wp\/v2\/tags?post=511895"}],"curies":[{"name":"wp","href":"https:\/\/api.w.org\/{rel}","templated":true}]}}