{"id":511898,"date":"2017-12-11T16:37:17","date_gmt":"2017-12-11T22:37:17","guid":{"rendered":"https:\/\/www.futboltotal.com.mx\/?p=511898"},"modified":"2017-12-11T17:47:06","modified_gmt":"2017-12-11T23:47:06","slug":"chaco-gimenez-llegaria-a-pachuca-para-retirarse","status":"publish","type":"post","link":"http:\/\/desarrollo.grupomedios.com\/futbol\/futbol-mexicano\/chaco-gimenez-llegaria-a-pachuca-para-retirarse\/2017\/12","title":{"rendered":"&#8216;Chaco&#8217; Gim\u00e9nez llegar\u00eda a Pachuca para retirarse"},"content":{"rendered":"<p><strong>POR: STAFF FT<\/strong><\/p>\n<p>Luego que se diera a conocer que <strong>Cruz Azul<\/strong> no contar\u00e1 con los servicios de<strong> Chrisitan &#8216;Chaco&#8217; Gim\u00e9nez<\/strong> para el torneo Clausura 2018, el futbolista indic\u00f3 que ya ha tenido acercamientos para llegar al <strong>Club Pachuca<\/strong> y retirarse en esa instituci\u00f3n, con la que logr\u00f3 varios campeonatos en su carrera.<\/p>\n<p>\u201cHay dos opciones, retirarme en Cruz Azul o Pachuca y Cruz Azul ya qued\u00f3 descartado. La gente de<strong> Pachuca<\/strong> siempre me ha tratado como un hijo y estoy agradecido.\u00a0Ahora empezar\u00eda a moverme. Cumplo 20 a\u00f1os de carrera y lo que ahora vivo es nuevo.\u00a0Hablo con J<strong>es\u00fas (Mart\u00ednez)<\/strong> muy seguido y con<strong> Andr\u00e9s (Fassi)<\/strong> tambi\u00e9n, veremos qu\u00e9 pasar\u00e1\u201d, mencion\u00f3 el Chaco para los medios de prensa.<\/p>\n<p style=\"text-align: center;\"><a href=\"https:\/\/www.futboltotal.com.mx\/futbol-mexicano\/liga-mx\/cruz-azul-tendra-5-bajas-clausura-2018\/2017\/12\" target=\"_blank\" rel=\"noopener\">VER M\u00c1S: Cruz Azul tendr\u00e1 5 bajas para el Clausura 2018<\/a><\/p>\n<p>Adem\u00e1s indic\u00f3 que su salida del club cementero se da en buenos t\u00e9rminos, pues tanto<strong> Eduardo de la Torre y Pedro Caixinha<\/strong> le hicieron saber de su salida pero mostraron el cari\u00f1o que tiene el club por \u00e9l.<\/p>\n<p style=\"font-weight: 400;\">\u201cFue por una cuesti\u00f3n futbol\u00edstica nada m\u00e1s,\u00a0<strong>Cruz Azul me quiere mucho y yo tambi\u00e9n, el cari\u00f1o que le tengo a esta instituci\u00f3n no se va a ir nunca<\/strong>\u201d, concluy\u00f3.<\/p>\n<p style=\"text-align: center;\"><a href=\"https:\/\/www.futboltotal.com.mx\/futbol-mexicano\/liga-mx\/oficial-matias-alustiza-reforzara-a-los-pumas\/2017\/12\" target=\"_blank\" rel=\"noopener\">VER M\u00c1S: Mat\u00edas Alustiza es nuevo refuerzo de Pumas<\/a><\/p>\n","protected":false},"excerpt":{"rendered":"<p>El futbolista ya est\u00e1 en los \u00faltimos momentos de su carrera<\/p>\n","protected":false},"author":159,"featured_media":511899,"comment_status":"closed","ping_status":"closed","sticky":false,"template":"","format":"standard","meta":[],"categories":[2198,3845],"tags":[368,5998,9028,5962,64,5968],"_links":{"self":[{"href":"http:\/\/desarrollo.grupomedios.com\/futbol\/wp-json\/wp\/v2\/posts\/511898"}],"collection":[{"href":"http:\/\/desarrollo.grupomedios.com\/futbol\/wp-json\/wp\/v2\/posts"}],"about":[{"href":"http:\/\/desarrollo.grupomedios.com\/futbol\/wp-json\/wp\/v2\/types\/post"}],"author":[{"embeddable":true,"href":"http:\/\/desarrollo.grupomedios.com\/futbol\/wp-json\/wp\/v2\/users\/159"}],"replies":[{"embeddable":true,"href":"http:\/\/desarrollo.grupomedios.com\/futbol\/wp-json\/wp\/v2\/comments?post=511898"}],"version-history":[{"count":2,"href":"http:\/\/desarrollo.grupomedios.com\/futbol\/wp-json\/wp\/v2\/posts\/511898\/revisions"}],"predecessor-version":[{"id":511913,"href":"http:\/\/desarrollo.grupomedios.com\/futbol\/wp-json\/wp\/v2\/posts\/511898\/revisions\/511913"}],"wp:featuredmedia":[{"embeddable":true,"href":"http:\/\/desarrollo.grupomedios.com\/futbol\/wp-json\/wp\/v2\/media\/511899"}],"wp:attachment":[{"href":"http:\/\/desarrollo.grupomedios.com\/futbol\/wp-json\/wp\/v2\/media?parent=511898"}],"wp:term":[{"taxonomy":"category","embeddable":true,"href":"http:\/\/desarrollo.grupomedios.com\/futbol\/wp-json\/wp\/v2\/categories?post=511898"},{"taxonomy":"post_tag","embeddable":true,"href":"http:\/\/desarrollo.grupomedios.com\/futbol\/wp-json\/wp\/v2\/tags?post=511898"}],"curies":[{"name":"wp","href":"https:\/\/api.w.org\/{rel}","templated":true}]}}