{"id":511933,"date":"2017-12-12T09:53:03","date_gmt":"2017-12-12T15:53:03","guid":{"rendered":"https:\/\/www.futboltotal.com.mx\/?p=511933"},"modified":"2017-12-12T09:53:03","modified_gmt":"2017-12-12T15:53:03","slug":"edwin-cardona-suspendido-5-partidos-colombia","status":"publish","type":"post","link":"http:\/\/desarrollo.grupomedios.com\/futbol\/futbol-internacional\/edwin-cardona-suspendido-5-partidos-colombia\/2017\/12","title":{"rendered":"Edwin Cardona, suspendido 5 partidos con Colombia"},"content":{"rendered":"<p><strong>POR: STAFF FT<\/strong><\/p>\n<p>El jugador colombiano, <strong>Edwin Cardona<\/strong> ha sido suspendido cinco juegos con su selecci\u00f3n luego de realizar un gesto ante\u00a0<strong>Corea del Sur<\/strong> al a uno de sus rivales rasg\u00e1ndose los ojos, hecho que le ha costado caro al futbolista de <strong>Boca Juniors<\/strong>, quien tendr\u00eda en peligro su participaci\u00f3n el <strong>Mundial de Rusia 2018.<\/strong><\/p>\n<p>El suceso se dio luego que el \u00e1rbitro del encuentro amistoso, el\u00a0australiano <strong>Chris Beath<\/strong> sancion\u00f3 una falta que hizo enfurecer a los colombianos, quienes se enfrascaron en una bronca con los jugadores asi\u00e1ticos y se observa como el ex Rayados de Monterrey le hace el gesto al jugador <strong>Lee Myun Gjoo.<\/strong><\/p>\n<p style=\"text-align: center;\"><a href=\"https:\/\/www.futboltotal.com.mx\/futbol-mexicano\/liga-mx\/dos-equipos-colombianos-desean-a-darwin-quintero\/2017\/12\">VER M\u00c1S: Dos equipos colombianos desean a Darwin Quintero<\/a><\/p>\n<p>El <strong>Comit\u00e9 Disciplinario de la FIFA<\/strong> ha dado la sancion\u00f3 al jugador por <strong>5 fechas<\/strong> sin jugar con la Selecci\u00f3n Colombia y una multa de 20 mil francos suizos. Dichos partidos podr\u00edan darse en <strong>partidos amistosos<\/strong>, pero de cualquier manera su inactividad dentro del combinado colombiano podr\u00eda afectar su participaci\u00f3n dentro de <strong>Rusia 2018<\/strong><\/p>\n<p>En su momento el jugador colombiano expres\u00f3 los siguiente; \u201cRespecto a lo que pas\u00f3 hoy. <strong>No fue mi intenci\u00f3n faltarle el respeto a alguien, a un pa\u00eds o a una raza.<\/strong> Pero si alguien se sinti\u00f3 ofendido o as\u00ed lo interpret\u00f3, le pido mil disculpas. Al contrario, estamos muy agradecidos con la gente de Corea, de c\u00f3mo nos ha tratado, desde el primer d\u00eda fue algo espectacular\u201d.<\/p>\n<p style=\"text-align: center;\"><a href=\"https:\/\/www.futboltotal.com.mx\/futbol-mexicano\/liga-mx\/atlas-presenta-lista-de-transferibles\/2017\/12\">VER M\u00c1S: Atlas presenta su lista de transferibles<\/a><\/p>\n<p>&nbsp;<\/p>\n<p>&nbsp;<\/p>\n","protected":false},"excerpt":{"rendered":"<p>El jugador podr\u00eda perderse Rusia 2018<\/p>\n","protected":false},"author":159,"featured_media":511934,"comment_status":"closed","ping_status":"closed","sticky":false,"template":"","format":"standard","meta":[],"categories":[3839],"tags":[6005,125,6133,2232],"_links":{"self":[{"href":"http:\/\/desarrollo.grupomedios.com\/futbol\/wp-json\/wp\/v2\/posts\/511933"}],"collection":[{"href":"http:\/\/desarrollo.grupomedios.com\/futbol\/wp-json\/wp\/v2\/posts"}],"about":[{"href":"http:\/\/desarrollo.grupomedios.com\/futbol\/wp-json\/wp\/v2\/types\/post"}],"author":[{"embeddable":true,"href":"http:\/\/desarrollo.grupomedios.com\/futbol\/wp-json\/wp\/v2\/users\/159"}],"replies":[{"embeddable":true,"href":"http:\/\/desarrollo.grupomedios.com\/futbol\/wp-json\/wp\/v2\/comments?post=511933"}],"version-history":[{"count":1,"href":"http:\/\/desarrollo.grupomedios.com\/futbol\/wp-json\/wp\/v2\/posts\/511933\/revisions"}],"predecessor-version":[{"id":511935,"href":"http:\/\/desarrollo.grupomedios.com\/futbol\/wp-json\/wp\/v2\/posts\/511933\/revisions\/511935"}],"wp:featuredmedia":[{"embeddable":true,"href":"http:\/\/desarrollo.grupomedios.com\/futbol\/wp-json\/wp\/v2\/media\/511934"}],"wp:attachment":[{"href":"http:\/\/desarrollo.grupomedios.com\/futbol\/wp-json\/wp\/v2\/media?parent=511933"}],"wp:term":[{"taxonomy":"category","embeddable":true,"href":"http:\/\/desarrollo.grupomedios.com\/futbol\/wp-json\/wp\/v2\/categories?post=511933"},{"taxonomy":"post_tag","embeddable":true,"href":"http:\/\/desarrollo.grupomedios.com\/futbol\/wp-json\/wp\/v2\/tags?post=511933"}],"curies":[{"name":"wp","href":"https:\/\/api.w.org\/{rel}","templated":true}]}}