{"id":511991,"date":"2017-12-12T17:44:21","date_gmt":"2017-12-12T23:44:21","guid":{"rendered":"https:\/\/www.futboltotal.com.mx\/?p=511991"},"modified":"2017-12-12T17:44:21","modified_gmt":"2017-12-12T23:44:21","slug":"lucas-cavallini-erick-gutierrez-fichajes-del-america","status":"publish","type":"post","link":"http:\/\/desarrollo.grupomedios.com\/futbol\/destacado-home\/lucas-cavallini-erick-gutierrez-fichajes-del-america\/2017\/12","title":{"rendered":"\u00bfLucas Cavallini y Erick Guti\u00e9rrez, fichajes del Am\u00e9rica?"},"content":{"rendered":"<p><strong>POR: STAFF FT<\/strong><\/p>\n<p>La p\u00e1gina oficial del <strong>Club Am\u00e9rica<\/strong> dio a conocer algunos de los posibles fichajes que se har\u00edan oficiales en el <strong>Draft de Transferencias<\/strong> rumbo al Torneo Clausura 2018.<\/p>\n<p>Varios fichajes se publicaron en la p\u00e1gina, entre ellos el del mediocampista del Pachuca, <strong>Erick Guti\u00e9rrez<\/strong>, y algunos futbolistas del Puebla como <strong>Lucas Cavallini, Francisco Acu\u00f1a, Felix Micolta y Jer\u00f3nimo Amione<\/strong>.<\/p>\n<p>La situaci\u00f3n ha causado controversia, porque el cuadro azulcrema no ha dado ning\u00fan anuncio sobre un posible fichaje, por lo que se presume que hayan sido v\u00edctimas de un &#8220;hacker&#8221;.<\/p>\n<p style=\"text-align: center;\"><span style=\"color: #333399;\"><a href=\"https:\/\/www.futboltotal.com.mx\/futbol-mexicano\/desde-colombia-colocan-a-dayro-moreno-en-america\/2017\/12\">VER M\u00c1S:\u00a0<span class=\"item-title\">Desde Colombia colocan a Dayro Moreno en Am\u00e9rica<\/span><\/a><\/span><\/p>\n<p>Hasta el <strong>&#8216;Conejo&#8217; P\u00e9rez<\/strong> hizo su aparici\u00f3n en la p\u00e1gina oficial de la instituci\u00f3n americanista, con lo que llama a\u00fan m\u00e1s la atenci\u00f3n la probabilidad de que esto no sea verdad.<\/p>\n","protected":false},"excerpt":{"rendered":"<p>La escuadra azulcrema no ha dado a conocer ning\u00fan comunicado<\/p>\n","protected":false},"author":160,"featured_media":511992,"comment_status":"closed","ping_status":"closed","sticky":false,"template":"","format":"standard","meta":[],"categories":[5,2198,3845],"tags":[5959,6158,9854,3166],"_links":{"self":[{"href":"http:\/\/desarrollo.grupomedios.com\/futbol\/wp-json\/wp\/v2\/posts\/511991"}],"collection":[{"href":"http:\/\/desarrollo.grupomedios.com\/futbol\/wp-json\/wp\/v2\/posts"}],"about":[{"href":"http:\/\/desarrollo.grupomedios.com\/futbol\/wp-json\/wp\/v2\/types\/post"}],"author":[{"embeddable":true,"href":"http:\/\/desarrollo.grupomedios.com\/futbol\/wp-json\/wp\/v2\/users\/160"}],"replies":[{"embeddable":true,"href":"http:\/\/desarrollo.grupomedios.com\/futbol\/wp-json\/wp\/v2\/comments?post=511991"}],"version-history":[{"count":1,"href":"http:\/\/desarrollo.grupomedios.com\/futbol\/wp-json\/wp\/v2\/posts\/511991\/revisions"}],"predecessor-version":[{"id":511993,"href":"http:\/\/desarrollo.grupomedios.com\/futbol\/wp-json\/wp\/v2\/posts\/511991\/revisions\/511993"}],"wp:featuredmedia":[{"embeddable":true,"href":"http:\/\/desarrollo.grupomedios.com\/futbol\/wp-json\/wp\/v2\/media\/511992"}],"wp:attachment":[{"href":"http:\/\/desarrollo.grupomedios.com\/futbol\/wp-json\/wp\/v2\/media?parent=511991"}],"wp:term":[{"taxonomy":"category","embeddable":true,"href":"http:\/\/desarrollo.grupomedios.com\/futbol\/wp-json\/wp\/v2\/categories?post=511991"},{"taxonomy":"post_tag","embeddable":true,"href":"http:\/\/desarrollo.grupomedios.com\/futbol\/wp-json\/wp\/v2\/tags?post=511991"}],"curies":[{"name":"wp","href":"https:\/\/api.w.org\/{rel}","templated":true}]}}