{"id":512004,"date":"2017-12-12T19:50:33","date_gmt":"2017-12-13T01:50:33","guid":{"rendered":"https:\/\/www.futboltotal.com.mx\/?p=512004"},"modified":"2017-12-12T19:50:33","modified_gmt":"2017-12-13T01:50:33","slug":"humberto-suazo-nuevo-fichaje-monterrey","status":"publish","type":"post","link":"http:\/\/desarrollo.grupomedios.com\/futbol\/futbol-mexicano\/humberto-suazo-nuevo-fichaje-monterrey\/2017\/12","title":{"rendered":"Humberto Suazo, nuevo fichaje de Monterrey"},"content":{"rendered":"<p><strong>POR: STAFF FT<\/strong><\/p>\n<p>El delantero chileno <strong>Humberto Suazo<\/strong> se ha convertido en el nuevo fichaje del <strong>Monterrey Flash<\/strong> de la <strong>Major Arena League Soccer<\/strong>.<\/p>\n<p>El ex artillero de los <em>Rayados<\/em> lleg\u00f3 a un acuerdo con la directiva del equipo de la liga estadounidense de futbol r\u00e1pido.<\/p>\n<p>El futbolista chileno portar\u00e1 el n\u00famero 26 con su nueva escuadra, el n\u00famero que lo ha acompa\u00f1ado durante la mayor\u00eda de su carrera con el bal\u00f3n.<\/p>\n<p style=\"text-align: center;\"><span style=\"color: #333399;\"><a href=\"https:\/\/www.futboltotal.com.mx\/futbol-mexicano\/fernando-uribe-llegaria-al-america\/2017\/12\">VER M\u00c1S:\u00a0<span class=\"item-title\">Fernando Uribe no llegar\u00eda al Am\u00e9rica<\/span><\/a><\/span><\/p>\n<p>Suazo es recordado con agrado en Monterrey, y ahora ser\u00e1 uno de los estandartes del Monterrey Flash, donde podr\u00eda debutar el siguiente fin de semana en la Arena Monterrey.<\/p>\n","protected":false},"excerpt":{"rendered":"<p>El delantero chileno regresa a la ciudad que le dio tantas glorias en el futbol<\/p>\n","protected":false},"author":160,"featured_media":512005,"comment_status":"closed","ping_status":"closed","sticky":false,"template":"","format":"standard","meta":[],"categories":[2198],"tags":[410,11351],"_links":{"self":[{"href":"http:\/\/desarrollo.grupomedios.com\/futbol\/wp-json\/wp\/v2\/posts\/512004"}],"collection":[{"href":"http:\/\/desarrollo.grupomedios.com\/futbol\/wp-json\/wp\/v2\/posts"}],"about":[{"href":"http:\/\/desarrollo.grupomedios.com\/futbol\/wp-json\/wp\/v2\/types\/post"}],"author":[{"embeddable":true,"href":"http:\/\/desarrollo.grupomedios.com\/futbol\/wp-json\/wp\/v2\/users\/160"}],"replies":[{"embeddable":true,"href":"http:\/\/desarrollo.grupomedios.com\/futbol\/wp-json\/wp\/v2\/comments?post=512004"}],"version-history":[{"count":1,"href":"http:\/\/desarrollo.grupomedios.com\/futbol\/wp-json\/wp\/v2\/posts\/512004\/revisions"}],"predecessor-version":[{"id":512006,"href":"http:\/\/desarrollo.grupomedios.com\/futbol\/wp-json\/wp\/v2\/posts\/512004\/revisions\/512006"}],"wp:featuredmedia":[{"embeddable":true,"href":"http:\/\/desarrollo.grupomedios.com\/futbol\/wp-json\/wp\/v2\/media\/512005"}],"wp:attachment":[{"href":"http:\/\/desarrollo.grupomedios.com\/futbol\/wp-json\/wp\/v2\/media?parent=512004"}],"wp:term":[{"taxonomy":"category","embeddable":true,"href":"http:\/\/desarrollo.grupomedios.com\/futbol\/wp-json\/wp\/v2\/categories?post=512004"},{"taxonomy":"post_tag","embeddable":true,"href":"http:\/\/desarrollo.grupomedios.com\/futbol\/wp-json\/wp\/v2\/tags?post=512004"}],"curies":[{"name":"wp","href":"https:\/\/api.w.org\/{rel}","templated":true}]}}