{"id":512013,"date":"2017-12-13T09:23:55","date_gmt":"2017-12-13T15:23:55","guid":{"rendered":"https:\/\/www.futboltotal.com.mx\/?p=512013"},"modified":"2017-12-13T09:23:55","modified_gmt":"2017-12-13T15:23:55","slug":"nahuel-guzman-lanza-burla-contra-rayados","status":"publish","type":"post","link":"http:\/\/desarrollo.grupomedios.com\/futbol\/futbol-mexicano\/nahuel-guzman-lanza-burla-contra-rayados\/2017\/12","title":{"rendered":"Nahuel Guzm\u00e1n lanza burla contra Rayados"},"content":{"rendered":"<p><strong>POR: STAFF FT<\/strong><\/p>\n<p>El guardameta de <strong>Tigres UANL, Nahuel Guzm\u00e1n<\/strong>\u00a0contin\u00faa haciendo m\u00e1s profunda la herida de <strong>Rayados de Monterrey<\/strong> y de igual manera ha hecho que crezca luego de un duro mensaje que lanz\u00f3 a trav\u00e9s de redes sociales en donde se\u00f1ala el campeonato que acaban de ganar en este <strong>Apertura 2017<\/strong> en cancha de su ac\u00e9rrimo rival.<\/p>\n<p>Nahuel escribi\u00f3 a trav\u00e9s de Instagram el hashtag: <strong>#entucaraentucancha<\/strong>. Con esto hizo arder las redes, pues a pesar de hacer esta publicaci\u00f3n sin mucho m\u00e1s que un fondo negro y muchos han se\u00f1alado que esto podr\u00eda desembocar en lo que se intent\u00f3 evitar durante la final por la disputa del t\u00edtulo, una provocaci\u00f3n hacia la violencia. El portero de los Felinos tiene cerca de<strong>\u00a060 mil 500 seguidores<\/strong> en su cuenta<\/p>\n<p style=\"text-align: center;\"><a href=\"https:\/\/www.futboltotal.com.mx\/futbol-mexicano\/liga-mx\/desde-colombia-colocan-a-dayro-moreno-en-america\/2017\/12\">VER M\u00c1S: Desde Colombia colocan a Dayro Moreno en Am\u00e9rica<\/a><\/p>\n<p>Guzm\u00e1n fue uno de los m\u00e1s activos durante la celebraci\u00f3n que tuvieron un d\u00eda despu\u00e9s de conseguir el t\u00edtulo en la Macroplaza con una gran cantidad de seguidores felinos y sali\u00f3 con una bandera que ten\u00eda la frase <strong>&#8220;Yo soy tu pap\u00e1&#8221; a<\/strong>unado al 2017, por lo que seguir\u00eda haciendo arder el duelo que lograron ganar.<\/p>\n<div id=\"attachment_512015\" style=\"width: 580px\" class=\"wp-caption aligncenter\"><img aria-describedby=\"caption-attachment-512015\" decoding=\"async\" loading=\"lazy\" class=\"size-full wp-image-512015\" src=\"https:\/\/www.futboltotal.com.mx\/wp-content\/uploads\/2017\/12\/nahuel-insta.jpg\" alt=\"El portero lanz\u00f3 un hashtag en Instagram\" srcset=\"http:\/\/desarrollo.grupomedios.com\/futbol\/wp-content\/uploads\/2017\/12\/nahuel-insta.jpg 570w, http:\/\/desarrollo.grupomedios.com\/futbol\/wp-content\/uploads\/2017\/12\/nahuel-insta-200x300.jpg 200w\" sizes=\"(max-width: 570px) 100vw, 570px\" \/><p id=\"caption-attachment-512015\" class=\"wp-caption-text\">Nahuel Guzm\u00e1n habr\u00eda lanzado una burla contra Rayados de Monterrey<\/p><\/div>\n<p style=\"text-align: center;\"><a href=\"https:\/\/www.futboltotal.com.mx\/futbol-internacional\/mundial-de-clubes\/enemigo-numero-uno-del-tri-presente-en-pachuca-gremio\/2017\/12\">VER M\u00c1S: El enemigo n\u00famero uno del Tri, presente en el Pachuca-Gremio<\/a><\/p>\n<p>&nbsp;<\/p>\n","protected":false},"excerpt":{"rendered":"<p>El portero hizo un pol\u00e9mico anuncio en redes sociales<\/p>\n","protected":false},"author":159,"featured_media":512016,"comment_status":"closed","ping_status":"closed","sticky":false,"template":"","format":"standard","meta":[],"categories":[2198,3845],"tags":[64,6129,1329,570],"_links":{"self":[{"href":"http:\/\/desarrollo.grupomedios.com\/futbol\/wp-json\/wp\/v2\/posts\/512013"}],"collection":[{"href":"http:\/\/desarrollo.grupomedios.com\/futbol\/wp-json\/wp\/v2\/posts"}],"about":[{"href":"http:\/\/desarrollo.grupomedios.com\/futbol\/wp-json\/wp\/v2\/types\/post"}],"author":[{"embeddable":true,"href":"http:\/\/desarrollo.grupomedios.com\/futbol\/wp-json\/wp\/v2\/users\/159"}],"replies":[{"embeddable":true,"href":"http:\/\/desarrollo.grupomedios.com\/futbol\/wp-json\/wp\/v2\/comments?post=512013"}],"version-history":[{"count":1,"href":"http:\/\/desarrollo.grupomedios.com\/futbol\/wp-json\/wp\/v2\/posts\/512013\/revisions"}],"predecessor-version":[{"id":512017,"href":"http:\/\/desarrollo.grupomedios.com\/futbol\/wp-json\/wp\/v2\/posts\/512013\/revisions\/512017"}],"wp:featuredmedia":[{"embeddable":true,"href":"http:\/\/desarrollo.grupomedios.com\/futbol\/wp-json\/wp\/v2\/media\/512016"}],"wp:attachment":[{"href":"http:\/\/desarrollo.grupomedios.com\/futbol\/wp-json\/wp\/v2\/media?parent=512013"}],"wp:term":[{"taxonomy":"category","embeddable":true,"href":"http:\/\/desarrollo.grupomedios.com\/futbol\/wp-json\/wp\/v2\/categories?post=512013"},{"taxonomy":"post_tag","embeddable":true,"href":"http:\/\/desarrollo.grupomedios.com\/futbol\/wp-json\/wp\/v2\/tags?post=512013"}],"curies":[{"name":"wp","href":"https:\/\/api.w.org\/{rel}","templated":true}]}}