{"id":512014,"date":"2017-12-13T09:31:25","date_gmt":"2017-12-13T15:31:25","guid":{"rendered":"https:\/\/www.futboltotal.com.mx\/?p=512014"},"modified":"2017-12-22T13:09:55","modified_gmt":"2017-12-22T19:09:55","slug":"mundial-clubes-para-real-madrid-es-incomodo","status":"publish","type":"post","link":"http:\/\/desarrollo.grupomedios.com\/futbol\/futbol-internacional\/mundial-clubes-para-real-madrid-es-incomodo\/2017\/12","title":{"rendered":"Mundial de Clubes para el Real Madrid es inc\u00f3modo: Lola Hern\u00e1ndez"},"content":{"rendered":"<p><span style=\"font-weight: 400;\">El <strong>Real Madrid<\/strong> comienza su camino en el <strong>Mundial de Clubes 2017<\/strong> ante el <strong>Al-Jazira<\/strong> y se perfila para buscar el bicampeonato del certamen como doble ganador de la <strong>Champions League<\/strong>, pero la realidad es que el torneo llega en un momento inc\u00f3modo pues tendr\u00e1n que enfrentarlo con un ojo puesto en el duelo de <strong>LaLiga<\/strong> ante el <strong>FC Barcelona<\/strong>, as\u00ed nos lo comenta\u00a0<strong>Lola Hern\u00e1ndez<\/strong>,\u00a0Corresponsal Internacional de Fox Sports, quien est\u00e1 viviendo de lleno el torneo.<\/span><\/p>\n<p><span style=\"font-weight: 400;\">\u201c<strong>En Europa algo inc\u00f3modo<\/strong> <strong>es (el torneo)<\/strong>, por ejemplo la racha del Real Madrid comenzaba a ser buena y se corta de repente, encima disputas un Mundial y <strong>el siguiente partido en liga es ante el FC Barcelona<\/strong> a eso hay que unirle que tienes que cuidar <strong>que no se lesiona ning\u00fan jugador<\/strong> y la \u00faltima es que si el Real Madrid llegara a una hipot\u00e9tica final y <strong>un jugador ve la tarjeta roja la sanci\u00f3n se cumple en LaLiga<\/strong>, es decir que se pierde el Cl\u00e1sico, entonces la fecha es inc\u00f3moda\u201d, indica la periodista.<\/span><\/p>\n<p><span style=\"font-weight: 400;\">Sin embargo, sabe que jugar\u00e1n a su m\u00e1ximo nivel, pues las cabezas del equipo desean hacerse con el \u2018Mundialito\u2019 y llegar a su quinto trofeo del a\u00f1o. \u201cVan a jugar al m\u00e1ximo nivel, porque es un trofeo que le gusta especialmente a<strong> Florentino P\u00e9rez<\/strong> y a<strong> Zinedine Zidane<\/strong>, ellos quieren cuantos m\u00e1s trofeos mejor, ser\u00eda el quinto t\u00edtulo de la temporada\u201d.<\/span><\/p>\n<p style=\"text-align: center;\"><a href=\"https:\/\/www.futboltotal.com.mx\/futbol-mexicano\/liga-mx\/desde-colombia-colocan-a-dayro-moreno-en-america\/2017\/12\">VER M\u00c1S: Desde Colombia colocan a Dayro Moreno en Am\u00e9rica<\/a><\/p>\n<p><span style=\"font-weight: 400;\">Por otro lado, es una oportunidad importante para que el cuadro del franc\u00e9s se presente de nuevo con su delantera estelar<\/span><\/p>\n<p><span style=\"font-weight: 400;\">\u201cZidane va a probar en este partido de semifinal, <strong>Gareth<\/strong>\u00a0<strong>Bale<\/strong> necesita rodaje, es un hombre de cristal, que lo tienen entre algodones pero <strong>Zidane quiere ver otra vez en acci\u00f3n a la \u2018BBC\u2019<\/strong>\u201d, expresa.<\/span><\/p>\n<p><strong>\u00bfQui\u00e9n ser\u00eda el jugador revelaci\u00f3n para los merengues?<\/strong><\/p>\n<p><span style=\"font-weight: 400;\">\u201c<strong>Marco Asensio<\/strong>, es un chaval que tiene un don, me encanta como jugador y le queda por crecer, si le dejan y le dejamos porque <strong>a veces los medios de comunicaci\u00f3n halagamos tanto que el halago debilita<\/strong>\u201d, advierte Hern\u00e1ndez.<\/span><\/p>\n<p><span style=\"font-weight: 400;\">Por \u00faltimo asegura que el cuadro merengue \u201ctendr\u00e1n una buena versi\u00f3n, porque est\u00e1n muy motivados, <strong>les hace una especial ilusi\u00f3n este trofeo<\/strong>\u201d.<\/span><\/p>\n<p style=\"text-align: center;\"><a href=\"https:\/\/www.futboltotal.com.mx\/futbol-mexicano\/liga-mx\/luis-fuentes-volvera-a-jugar-los-pumas\/2017\/12\">VER M\u00c1S: Luis Fuentes volver\u00e1 a jugar con los Pumas<\/a><\/p>\n","protected":false},"excerpt":{"rendered":"<p>Los merengues buscar\u00e1n llevarse el torneo pero sin dejar de pensar en LaLiga<\/p>\n","protected":false},"author":159,"featured_media":512018,"comment_status":"closed","ping_status":"closed","sticky":false,"template":"","format":"standard","meta":[],"categories":[7570,3839,11040],"tags":[11352,415,5988],"_links":{"self":[{"href":"http:\/\/desarrollo.grupomedios.com\/futbol\/wp-json\/wp\/v2\/posts\/512014"}],"collection":[{"href":"http:\/\/desarrollo.grupomedios.com\/futbol\/wp-json\/wp\/v2\/posts"}],"about":[{"href":"http:\/\/desarrollo.grupomedios.com\/futbol\/wp-json\/wp\/v2\/types\/post"}],"author":[{"embeddable":true,"href":"http:\/\/desarrollo.grupomedios.com\/futbol\/wp-json\/wp\/v2\/users\/159"}],"replies":[{"embeddable":true,"href":"http:\/\/desarrollo.grupomedios.com\/futbol\/wp-json\/wp\/v2\/comments?post=512014"}],"version-history":[{"count":3,"href":"http:\/\/desarrollo.grupomedios.com\/futbol\/wp-json\/wp\/v2\/posts\/512014\/revisions"}],"predecessor-version":[{"id":512792,"href":"http:\/\/desarrollo.grupomedios.com\/futbol\/wp-json\/wp\/v2\/posts\/512014\/revisions\/512792"}],"wp:featuredmedia":[{"embeddable":true,"href":"http:\/\/desarrollo.grupomedios.com\/futbol\/wp-json\/wp\/v2\/media\/512018"}],"wp:attachment":[{"href":"http:\/\/desarrollo.grupomedios.com\/futbol\/wp-json\/wp\/v2\/media?parent=512014"}],"wp:term":[{"taxonomy":"category","embeddable":true,"href":"http:\/\/desarrollo.grupomedios.com\/futbol\/wp-json\/wp\/v2\/categories?post=512014"},{"taxonomy":"post_tag","embeddable":true,"href":"http:\/\/desarrollo.grupomedios.com\/futbol\/wp-json\/wp\/v2\/tags?post=512014"}],"curies":[{"name":"wp","href":"https:\/\/api.w.org\/{rel}","templated":true}]}}