{"id":512032,"date":"2017-12-13T13:39:05","date_gmt":"2017-12-13T19:39:05","guid":{"rendered":"https:\/\/www.futboltotal.com.mx\/?p=512032"},"modified":"2017-12-13T13:39:05","modified_gmt":"2017-12-13T19:39:05","slug":"supercampeones-lanza-trailer-para-serie-en-2018","status":"publish","type":"post","link":"http:\/\/desarrollo.grupomedios.com\/futbol\/cambio-de-juego\/supercampeones-lanza-trailer-para-serie-en-2018\/2017\/12","title":{"rendered":"Supercampeones lanza tr\u00e1iler para serie en 2018"},"content":{"rendered":"<p><strong>POR: STAFF FT<\/strong><\/p>\n<p>La serie animada japonesa\u00a0\u00a0<b>\u201cLos Supercampeones\u201d\u00a0<\/b>ya tiene nuevo tr\u00e1iler para la entrega que har\u00e1n con miras a la<strong> Copa del Mundo de Rusia 2018<\/strong>, este ser\u00e1 el esperado regreso de las aventuras de <strong>Oliver Atom<\/strong> a la televisi\u00f3n.<\/p>\n<p>Fueron lanzados un minuto y medio de adelanto de la serie que disfrutaremos el pr\u00f3ximo a\u00f1o, inspirada en el manga de lo 80 que fuera todo un \u00e9xito luego que muchos ni\u00f1os y no tan ni\u00f1os siguieran todos los pasos en la carrera de Oliver y sus amigos. En el tr\u00e1iler, adem\u00e1s de su protagonista, aparece el guardameta\u00a0<b>Benji <\/b>quien es otro de los personajes m\u00e1s recordados.<\/p>\n<p style=\"text-align: center;\"><a href=\"https:\/\/www.futboltotal.com.mx\/futbol-mexicano\/liga-mx\/nahuel-guzman-lanza-burla-contra-rayados\/2017\/12\">VER M\u00c1S: Nahuel Guzm\u00e1n lanza burla contra Rayados<\/a><\/p>\n<p>El dise\u00f1o de los personajes estar\u00e1n a cargo de\u00a0<strong>Watanabe Hajime<\/strong> (Ginga e Kickoff!!, School Rumble), mientras que el\u00a0director ser\u00e1<strong>\u00a0Toshiyuki Kato<\/strong> y <strong>Atsuhiro Tomioka<\/strong> (Inazuma Eleven, Pok\u00e9mon XY) el guionista.<\/p>\n<p><iframe loading=\"lazy\" src=\"https:\/\/www.youtube.com\/embed\/uUK4zTkcz1U?feature=oembed\" frameborder=\"0\" gesture=\"media\" allow=\"encrypted-media\" allowfullscreen><\/iframe><\/p>\n<p style=\"text-align: center;\"><a href=\"https:\/\/www.futboltotal.com.mx\/futbol-internacional\/liga-de-italia\/hector-moreno-sin-posibilidades-ir-al-real-betis\/2017\/12\">VER M\u00c1S: Hector Moreno, sin posibilidades de ir al Real Betis<\/a><\/p>\n<p>&nbsp;<\/p>\n","protected":false},"excerpt":{"rendered":"<p>Los personajes de anta\u00f1o seguir\u00e1n apareciendo en la famosa serie<\/p>\n","protected":false},"author":159,"featured_media":512033,"comment_status":"closed","ping_status":"closed","sticky":false,"template":"","format":"standard","meta":[],"categories":[5419],"tags":[11354,11355,11353,10389,5175],"_links":{"self":[{"href":"http:\/\/desarrollo.grupomedios.com\/futbol\/wp-json\/wp\/v2\/posts\/512032"}],"collection":[{"href":"http:\/\/desarrollo.grupomedios.com\/futbol\/wp-json\/wp\/v2\/posts"}],"about":[{"href":"http:\/\/desarrollo.grupomedios.com\/futbol\/wp-json\/wp\/v2\/types\/post"}],"author":[{"embeddable":true,"href":"http:\/\/desarrollo.grupomedios.com\/futbol\/wp-json\/wp\/v2\/users\/159"}],"replies":[{"embeddable":true,"href":"http:\/\/desarrollo.grupomedios.com\/futbol\/wp-json\/wp\/v2\/comments?post=512032"}],"version-history":[{"count":1,"href":"http:\/\/desarrollo.grupomedios.com\/futbol\/wp-json\/wp\/v2\/posts\/512032\/revisions"}],"predecessor-version":[{"id":512034,"href":"http:\/\/desarrollo.grupomedios.com\/futbol\/wp-json\/wp\/v2\/posts\/512032\/revisions\/512034"}],"wp:featuredmedia":[{"embeddable":true,"href":"http:\/\/desarrollo.grupomedios.com\/futbol\/wp-json\/wp\/v2\/media\/512033"}],"wp:attachment":[{"href":"http:\/\/desarrollo.grupomedios.com\/futbol\/wp-json\/wp\/v2\/media?parent=512032"}],"wp:term":[{"taxonomy":"category","embeddable":true,"href":"http:\/\/desarrollo.grupomedios.com\/futbol\/wp-json\/wp\/v2\/categories?post=512032"},{"taxonomy":"post_tag","embeddable":true,"href":"http:\/\/desarrollo.grupomedios.com\/futbol\/wp-json\/wp\/v2\/tags?post=512032"}],"curies":[{"name":"wp","href":"https:\/\/api.w.org\/{rel}","templated":true}]}}