{"id":512037,"date":"2017-12-13T14:46:20","date_gmt":"2017-12-13T20:46:20","guid":{"rendered":"https:\/\/www.futboltotal.com.mx\/?p=512037"},"modified":"2017-12-13T14:58:32","modified_gmt":"2017-12-13T20:58:32","slug":"christian-gimenez-nuevo-jugador-del-pachuca","status":"publish","type":"post","link":"http:\/\/desarrollo.grupomedios.com\/futbol\/destacado-home\/christian-gimenez-nuevo-jugador-del-pachuca\/2017\/12","title":{"rendered":"Christian Gim\u00e9nez, nuevo jugador del Pachuca"},"content":{"rendered":"<p><strong>POR: STAFF FT<\/strong><\/p>\n<p>Lo que era un secreto a voces, se ha confirmado el d\u00eda de hoy. <strong>Christian &#8216;Chaco&#8217; Gim\u00e9nez<\/strong> se ha convertido en nuevo jugador de los <strong>Tuzos del Pachuca<\/strong>.<\/p>\n<p>En el <strong>Draft de Transferencias del Clausura 2018<\/strong> se ha confirmado el traspaso temporada del &#8216;Chaco&#8217; de Cruz Azul a Pachuca.<\/p>\n<p>La cuenta oficial de la M\u00e1quina fue la encargada de hacer oficial la salida del delantero naturalizado mexicano, tras m\u00e1s de 7 a\u00f1os que milit\u00f3 en la instituci\u00f3n cementera.<\/p>\n<p style=\"text-align: center;\"><span style=\"color: #333399;\"><a href=\"https:\/\/www.futboltotal.com.mx\/destacado-home\/draft-transferencias-clausura-2018-en-vivo-minuto-a-minuto\/2017\/12\">VER M\u00c1S &#8211; <span class=\"item-title\">Draft de Transferencias Clausura 2018 | EN VIVO: Minuto a minuto<\/span><\/a><\/span><\/p>\n<p>As\u00ed fue como Cruz Azul confirm\u00f3 la baja de Gim\u00e9nez para el siguiente torneo.<\/p>\n<blockquote class=\"twitter-tweet\" data-partner=\"tweetdeck\">\n<p dir=\"ltr\" lang=\"es\">Christian Gim\u00e9nez, transferencia temporal a <a href=\"https:\/\/twitter.com\/Tuzos?ref_src=twsrc%5Etfw\">@Tuzos<\/a> \u00a1Mucho \u00e9xito! <a href=\"https:\/\/twitter.com\/hashtag\/TransferenciasC18?src=hash&amp;ref_src=twsrc%5Etfw\">#TransferenciasC18<\/a> <a href=\"https:\/\/t.co\/jf5NwPE2Uf\">pic.twitter.com\/jf5NwPE2Uf<\/a><\/p>\n<p>\u2014 CRUZ AZUL FC \u00ae (@Cruz_Azul_FC) <a href=\"https:\/\/twitter.com\/Cruz_Azul_FC\/status\/941043462929027072?ref_src=twsrc%5Etfw\">December 13, 2017<\/a><\/p><\/blockquote>\n<p><script async src=\"https:\/\/platform.twitter.com\/widgets.js\" charset=\"utf-8\"><\/script><\/p>\n<p>Y los Tuzos lo hicieron oficial minutos despu\u00e9s&#8230;<\/p>\n<blockquote class=\"twitter-tweet\" data-lang=\"es\">\n<p dir=\"ltr\" lang=\"es\">\u00a1Bienvenido <a href=\"https:\/\/twitter.com\/chaco_81?ref_src=twsrc%5Etfw\">@chaco_81<\/a>!<\/p>\n<p><a href=\"https:\/\/twitter.com\/hashtag\/El%C3%9AnicoEnMi?src=hash&amp;ref_src=twsrc%5Etfw\">#El\u00danicoEnMi<\/a>&#x1f499; <a href=\"https:\/\/t.co\/e3GQlx2MZj\">pic.twitter.com\/e3GQlx2MZj<\/a><\/p>\n<p>\u2014 Club Pachuca (@Tuzos) <a href=\"https:\/\/twitter.com\/Tuzos\/status\/941047947642441728?ref_src=twsrc%5Etfw\">13 de diciembre de 2017<\/a><\/p><\/blockquote>\n<p><script async src=\"https:\/\/platform.twitter.com\/widgets.js\" charset=\"utf-8\"><\/script><\/p>\n","protected":false},"excerpt":{"rendered":"<p>El delantero naturalizado mexicano vivir\u00e1 su segunda etapa con los Tuzos<\/p>\n","protected":false},"author":160,"featured_media":512039,"comment_status":"closed","ping_status":"closed","sticky":false,"template":"","format":"standard","meta":[],"categories":[5,2198,3845],"tags":[5998,9028,5962,3749,5968],"_links":{"self":[{"href":"http:\/\/desarrollo.grupomedios.com\/futbol\/wp-json\/wp\/v2\/posts\/512037"}],"collection":[{"href":"http:\/\/desarrollo.grupomedios.com\/futbol\/wp-json\/wp\/v2\/posts"}],"about":[{"href":"http:\/\/desarrollo.grupomedios.com\/futbol\/wp-json\/wp\/v2\/types\/post"}],"author":[{"embeddable":true,"href":"http:\/\/desarrollo.grupomedios.com\/futbol\/wp-json\/wp\/v2\/users\/160"}],"replies":[{"embeddable":true,"href":"http:\/\/desarrollo.grupomedios.com\/futbol\/wp-json\/wp\/v2\/comments?post=512037"}],"version-history":[{"count":3,"href":"http:\/\/desarrollo.grupomedios.com\/futbol\/wp-json\/wp\/v2\/posts\/512037\/revisions"}],"predecessor-version":[{"id":512042,"href":"http:\/\/desarrollo.grupomedios.com\/futbol\/wp-json\/wp\/v2\/posts\/512037\/revisions\/512042"}],"wp:featuredmedia":[{"embeddable":true,"href":"http:\/\/desarrollo.grupomedios.com\/futbol\/wp-json\/wp\/v2\/media\/512039"}],"wp:attachment":[{"href":"http:\/\/desarrollo.grupomedios.com\/futbol\/wp-json\/wp\/v2\/media?parent=512037"}],"wp:term":[{"taxonomy":"category","embeddable":true,"href":"http:\/\/desarrollo.grupomedios.com\/futbol\/wp-json\/wp\/v2\/categories?post=512037"},{"taxonomy":"post_tag","embeddable":true,"href":"http:\/\/desarrollo.grupomedios.com\/futbol\/wp-json\/wp\/v2\/tags?post=512037"}],"curies":[{"name":"wp","href":"https:\/\/api.w.org\/{rel}","templated":true}]}}