{"id":512065,"date":"2017-12-13T17:38:17","date_gmt":"2017-12-13T23:38:17","guid":{"rendered":"https:\/\/www.futboltotal.com.mx\/?p=512065"},"modified":"2017-12-13T18:10:56","modified_gmt":"2017-12-14T00:10:56","slug":"chivas-se-queda-con-rodolfo-cota-6-meses","status":"publish","type":"post","link":"http:\/\/desarrollo.grupomedios.com\/futbol\/destacado-home\/chivas-se-queda-con-rodolfo-cota-6-meses\/2017\/12","title":{"rendered":"Chivas se queda con Rodolfo Cota por 6 meses m\u00e1s"},"content":{"rendered":"<p>POR: STAFF FT<\/p>\n<p>Las <strong>Chivas de Guadalajara<\/strong> y los<strong> Tuzos de Pachuca<\/strong> llegaron a un acuerdo por el guardameta <strong>Rodolfo Cota<\/strong>, quien se quedar\u00e1 en el Reba\u00f1o por seis meses m\u00e1s, es decir disputar\u00e1 el <strong>Clausura 2018<\/strong> con el equipo de <strong>Mat\u00edas Almeyda<\/strong>, poniendo fin as\u00ed a todos los rumores que se dieron alrededor de un posible regreso con los hidalguenses.<\/p>\n<p style=\"text-align: center;\"><a href=\"https:\/\/www.futboltotal.com.mx\/futbol-internacional\/mundial-de-clubes\/los-memes-del-sufrido-triunfo-del-real-madrid\/2017\/12\">VER M\u00c1S: Los memes del sufrido triunfo del Real Madrid<\/a><\/p>\n<p>A trav\u00e9s de Twitter, el cuadro del <strong>Reba\u00f1o<\/strong> hizo oficial la permanencia por un semestre m\u00e1s del guardameta de 30 a\u00f1os, quien desde que lleg\u00f3 al equipo Rojiblanco en <strong>2015<\/strong> ha disputado <strong>73 encuentros<\/strong> en Guadalajara, ahora extender\u00e1 su estancia, evitando as\u00ed cualquier regreso con los Tuzos.<\/p>\n<blockquote class=\"twitter-tweet\" data-conversation=\"none\" data-lang=\"es\">\n<p dir=\"ltr\" lang=\"es\">&#x1f3c6; &#x1f1eb;&#x1f1f7; <a href=\"https:\/\/twitter.com\/RodolfoCota_?ref_src=twsrc%5Etfw\">@RodolfoCota_<\/a> se queda con el Reba\u00f1o 6 meses m\u00e1s. &#x1f44f;&#x1f44f;&#x1f51d; \u00a1Dale Cota! &#x1f44a;&#x1f1eb;&#x1f1f7; <a href=\"https:\/\/t.co\/cZBcB3vURI\">pic.twitter.com\/cZBcB3vURI<\/a><\/p>\n<p>\u2014 CHIVAS (@Chivas) <a href=\"https:\/\/twitter.com\/Chivas\/status\/941071041736138752?ref_src=twsrc%5Etfw\">13 de diciembre de 2017<\/a><\/p><\/blockquote>\n<p><script async src=\"https:\/\/platform.twitter.com\/widgets.js\" charset=\"utf-8\"><\/script><\/p>\n<p>Cota se gan\u00f3 el cari\u00f1o de la afici\u00f3n luego de ganar una<strong> Liga MX, dos Copas MX y una Supercopa MX,<\/strong> por lo que el propio estratega argentino, <strong>Mat\u00edas Almeyda <\/strong>hab\u00eda manifestado su intenci\u00f3n de quedarse con el cancerbero.<\/p>\n<p style=\"text-align: center;\"><a href=\"https:\/\/www.futboltotal.com.mx\/futbol-internacional\/liga-de-italia\/hector-moreno-sin-posibilidades-ir-al-real-betis\/2017\/12\">VER M\u00c1S: Hector Moreno, sin posibilidades de ir al Real Betis<\/a><\/p>\n","protected":false},"excerpt":{"rendered":"<p>El cuadro Rojiblanco podr\u00e1 contar con los servicios del guardameta para el Clausura 2018<\/p>\n","protected":false},"author":159,"featured_media":512068,"comment_status":"closed","ping_status":"closed","sticky":false,"template":"","format":"standard","meta":[],"categories":[5,2198,3845],"tags":[70,9028,64,5968,6920],"_links":{"self":[{"href":"http:\/\/desarrollo.grupomedios.com\/futbol\/wp-json\/wp\/v2\/posts\/512065"}],"collection":[{"href":"http:\/\/desarrollo.grupomedios.com\/futbol\/wp-json\/wp\/v2\/posts"}],"about":[{"href":"http:\/\/desarrollo.grupomedios.com\/futbol\/wp-json\/wp\/v2\/types\/post"}],"author":[{"embeddable":true,"href":"http:\/\/desarrollo.grupomedios.com\/futbol\/wp-json\/wp\/v2\/users\/159"}],"replies":[{"embeddable":true,"href":"http:\/\/desarrollo.grupomedios.com\/futbol\/wp-json\/wp\/v2\/comments?post=512065"}],"version-history":[{"count":2,"href":"http:\/\/desarrollo.grupomedios.com\/futbol\/wp-json\/wp\/v2\/posts\/512065\/revisions"}],"predecessor-version":[{"id":512071,"href":"http:\/\/desarrollo.grupomedios.com\/futbol\/wp-json\/wp\/v2\/posts\/512065\/revisions\/512071"}],"wp:featuredmedia":[{"embeddable":true,"href":"http:\/\/desarrollo.grupomedios.com\/futbol\/wp-json\/wp\/v2\/media\/512068"}],"wp:attachment":[{"href":"http:\/\/desarrollo.grupomedios.com\/futbol\/wp-json\/wp\/v2\/media?parent=512065"}],"wp:term":[{"taxonomy":"category","embeddable":true,"href":"http:\/\/desarrollo.grupomedios.com\/futbol\/wp-json\/wp\/v2\/categories?post=512065"},{"taxonomy":"post_tag","embeddable":true,"href":"http:\/\/desarrollo.grupomedios.com\/futbol\/wp-json\/wp\/v2\/tags?post=512065"}],"curies":[{"name":"wp","href":"https:\/\/api.w.org\/{rel}","templated":true}]}}