{"id":512083,"date":"2017-12-20T16:08:32","date_gmt":"2017-12-20T22:08:32","guid":{"rendered":"https:\/\/www.futboltotal.com.mx\/?p=512083"},"modified":"2017-12-20T16:09:37","modified_gmt":"2017-12-20T22:09:37","slug":"las-mascotas-llamativas-del-futbol","status":"publish","type":"post","link":"http:\/\/desarrollo.grupomedios.com\/futbol\/cambio-de-juego\/las-mascotas-llamativas-del-futbol\/2017\/12","title":{"rendered":"Las mascotas m\u00e1s llamativas del futbol"},"content":{"rendered":"<p>En el <strong>mundo del futbol<\/strong>, los artistas del bal\u00f3n pueden darse algunos lujos, y uno de ellos es todo lo que pueden adquirir en su vida en general.<\/p>\n<p>Los futbolistas son personajes p\u00fablicos, pero cuentan con una vida privada en la que tienen a sus familias y a algunos compa\u00f1eros de viaje, como son las mascotas.<\/p>\n<p>Una de las m\u00e1s conocidas es <strong>&#8220;Koda&#8221;<\/strong>, el mono que acompa\u00f1a al futbolista franc\u00e9s <strong>Andr\u00e9-Pierre Gignac<\/strong>, y con el que pasa momentos agradables.<\/p>\n<p>Otro de los animalitos m\u00e1s conocidos es<strong> &#8220;S\u00faper&#8221;<\/strong>, un cerdito vietnamita que vive con el italiano <strong>Mario Balotelli<\/strong>, quien lleg\u00f3 a tener uno que otro problema por conservarlo, pero al final pudo mantenerlo con \u00e9l.<\/p>\n<p>Otra de las mascotas m\u00e1s conocidas es el gatito &#8220;anti-reggaeton&#8221; de Dani Alves, quien odia cuando su amo canta las canciones de ese g\u00e9nero.<\/p>\n<p>Una de las parejas consentidas del medio es <strong>Gerard Piqu\u00e9 y Shakira<\/strong>, a quienes les gusta convivir con conejitos, a quienes han adoptado como parte de su familia.<\/p>\n<p>Y otro de los que ha demostrado el amor por los animales, es Paolo Guerrero, quien tiene perros y caballos, destacando Baltazar y Romeo.<\/p>\n<p style=\"text-align: left;\">Se\u00a0consideran\u00a0animales de compa\u00f1\u00eda a aquellos que por su conducta se han adaptado a convivir con el hombre en un ambiente dom\u00e9stico, sin suponer riesgos f\u00edsicos, sanitarios o de seguridad para sus\u00a0poseedores u otros animales. Aunque\u00a0en esta\u00a0definici\u00f3n\u00a0excluye a especies<span class=\"Negritas\">\u00a0ex\u00f3ticas y\u00a0aquellas\u00a0destinadas al consumo, tambi\u00e9n se debe garantizar su bienestar.\u00a0<\/span><\/p>\n<p>[video_player]https:\/\/player.vimeo.com\/external\/245931048.hd.mp4?s=154efa9463b4b6fe570c2d210f13ec7120ce61a1&amp;profile_id=175|square[\/video_player]<\/p>\n<p>El\u00a0<b>Grupo Parlamentario del Partido Verde<\/b>\u00a0trabaja para cuidar a los animales y darles la vida digna que tambi\u00e9n merecen. Conoce m\u00e1s sobre los logros del Grupo Parlamentario del Partido Verde ingresando a\u00a0<a href=\"http:\/\/www.vinculaciondiputadosdelpartidoverde.com\" target=\"_blank\" rel=\"noopener noreferrer\">www.vinculaciondiputadosdelpartidoverde.com<\/a><\/p>\n","protected":false},"excerpt":{"rendered":"<p>Los futbolistas son personajes p\u00fablicos, pero cuentan con una vida privada en la que tienen a sus familias y a algunos compa\u00f1eros de viaje, como son las mascotas<\/p>\n","protected":false},"author":160,"featured_media":512084,"comment_status":"closed","ping_status":"closed","sticky":false,"template":"","format":"standard","meta":[],"categories":[5419],"tags":[3882,11255],"_links":{"self":[{"href":"http:\/\/desarrollo.grupomedios.com\/futbol\/wp-json\/wp\/v2\/posts\/512083"}],"collection":[{"href":"http:\/\/desarrollo.grupomedios.com\/futbol\/wp-json\/wp\/v2\/posts"}],"about":[{"href":"http:\/\/desarrollo.grupomedios.com\/futbol\/wp-json\/wp\/v2\/types\/post"}],"author":[{"embeddable":true,"href":"http:\/\/desarrollo.grupomedios.com\/futbol\/wp-json\/wp\/v2\/users\/160"}],"replies":[{"embeddable":true,"href":"http:\/\/desarrollo.grupomedios.com\/futbol\/wp-json\/wp\/v2\/comments?post=512083"}],"version-history":[{"count":3,"href":"http:\/\/desarrollo.grupomedios.com\/futbol\/wp-json\/wp\/v2\/posts\/512083\/revisions"}],"predecessor-version":[{"id":512173,"href":"http:\/\/desarrollo.grupomedios.com\/futbol\/wp-json\/wp\/v2\/posts\/512083\/revisions\/512173"}],"wp:featuredmedia":[{"embeddable":true,"href":"http:\/\/desarrollo.grupomedios.com\/futbol\/wp-json\/wp\/v2\/media\/512084"}],"wp:attachment":[{"href":"http:\/\/desarrollo.grupomedios.com\/futbol\/wp-json\/wp\/v2\/media?parent=512083"}],"wp:term":[{"taxonomy":"category","embeddable":true,"href":"http:\/\/desarrollo.grupomedios.com\/futbol\/wp-json\/wp\/v2\/categories?post=512083"},{"taxonomy":"post_tag","embeddable":true,"href":"http:\/\/desarrollo.grupomedios.com\/futbol\/wp-json\/wp\/v2\/tags?post=512083"}],"curies":[{"name":"wp","href":"https:\/\/api.w.org\/{rel}","templated":true}]}}