{"id":512096,"date":"2017-12-13T21:24:53","date_gmt":"2017-12-14T03:24:53","guid":{"rendered":"https:\/\/www.futboltotal.com.mx\/?p=512096"},"modified":"2017-12-13T21:25:19","modified_gmt":"2017-12-14T03:25:19","slug":"benfica-y-raul-jimenez-caen-con-el-rio-ave-y-fracasan-en-la-copa-de-portugal","status":"publish","type":"post","link":"http:\/\/desarrollo.grupomedios.com\/futbol\/futbol-internacional\/benfica-y-raul-jimenez-caen-con-el-rio-ave-y-fracasan-en-la-copa-de-portugal\/2017\/12","title":{"rendered":"Benfica y Ra\u00fal Jim\u00e9nez caen con el R\u00edo Ave y fracasan en la Copa de Portugal"},"content":{"rendered":"<p>El actual campe\u00f3n de la <strong>Copa de Portugal<\/strong> de F\u00fatbol, el <strong>Benfica<\/strong> del mexicano <strong>Ra\u00fal Jim\u00e9nez<\/strong>, ha quedado apeado de la competici\u00f3n al perder 3-2 contra el <strong>R\u00edo Ave<\/strong>, en el estadio do Rio Ave, tras el gol del delantero local H\u00e9lder Guedes en el minuto cuatro de la primera parte de la pr\u00f3rroga.<\/p>\n<p>Ambos equipos llegaron en tablas (2-2) al final de los 90 minutos reglamentarios, despu\u00e9s de que se adelantara el Benfica por medio de Jonas (m.36) y le dieran la vuelta al marcador Jose Lionn y Ribeiro (m.47 y 62) para que, a falta de cuatro minutos para la conclusi\u00f3n, Luisao (m.86) permitiera a los suyos disputar el tiempo extra, en el que Rio Ave se hizo con la victoria.<\/p>\n<p style=\"text-align: center;\"><span style=\"color: #3366ff;\"><a href=\"https:\/\/www.futboltotal.com.mx\/futbol-mexicano\/liga-mx\/tres-america-las-aguilas-ya-a-sus-refuerzos\/2017\/12\">VER M\u00c1S: \u00a1Tres para el Am\u00e9rica! Las \u00c1guilas ya tienen a sus refuerzos<\/a><\/span><\/p>\n<blockquote class=\"twitter-tweet\" data-width=\"500\">\n<p lang=\"pt\" dir=\"ltr\"><a href=\"https:\/\/twitter.com\/hashtag\/RAFCSLB?src=hash&amp;ref_src=twsrc%5Etfw\">#RAFCSLB<\/a> | \u23f9 Termina o encontro | Resultado final: Rio Ave FC 3-2 SL Benfica. Rev\u00ea todos os lances desta partida no nosso Game Hub \u27a1 <a href=\"https:\/\/t.co\/bvNmE0Z7qS\">https:\/\/t.co\/bvNmE0Z7qS<\/a> <a href=\"https:\/\/t.co\/Zzkx0WYmkH\">pic.twitter.com\/Zzkx0WYmkH<\/a><\/p>\n<p>&mdash; SL Benfica (@SLBenfica) <a href=\"https:\/\/twitter.com\/SLBenfica\/status\/941090509136818176?ref_src=twsrc%5Etfw\">December 13, 2017<\/a><\/p><\/blockquote>\n<p><script async src=\"https:\/\/platform.twitter.com\/widgets.js\" charset=\"utf-8\"><\/script><\/p>\n","protected":false},"excerpt":{"rendered":"<p>El Benfica qued\u00f3 eliminado y no podr\u00e1 revalidar su t\u00edtulo.<\/p>\n","protected":false},"author":129,"featured_media":512103,"comment_status":"closed","ping_status":"closed","sticky":false,"template":"","format":"standard","meta":[],"categories":[3839],"tags":[6060,11359,742],"_links":{"self":[{"href":"http:\/\/desarrollo.grupomedios.com\/futbol\/wp-json\/wp\/v2\/posts\/512096"}],"collection":[{"href":"http:\/\/desarrollo.grupomedios.com\/futbol\/wp-json\/wp\/v2\/posts"}],"about":[{"href":"http:\/\/desarrollo.grupomedios.com\/futbol\/wp-json\/wp\/v2\/types\/post"}],"author":[{"embeddable":true,"href":"http:\/\/desarrollo.grupomedios.com\/futbol\/wp-json\/wp\/v2\/users\/129"}],"replies":[{"embeddable":true,"href":"http:\/\/desarrollo.grupomedios.com\/futbol\/wp-json\/wp\/v2\/comments?post=512096"}],"version-history":[{"count":1,"href":"http:\/\/desarrollo.grupomedios.com\/futbol\/wp-json\/wp\/v2\/posts\/512096\/revisions"}],"predecessor-version":[{"id":512104,"href":"http:\/\/desarrollo.grupomedios.com\/futbol\/wp-json\/wp\/v2\/posts\/512096\/revisions\/512104"}],"wp:featuredmedia":[{"embeddable":true,"href":"http:\/\/desarrollo.grupomedios.com\/futbol\/wp-json\/wp\/v2\/media\/512103"}],"wp:attachment":[{"href":"http:\/\/desarrollo.grupomedios.com\/futbol\/wp-json\/wp\/v2\/media?parent=512096"}],"wp:term":[{"taxonomy":"category","embeddable":true,"href":"http:\/\/desarrollo.grupomedios.com\/futbol\/wp-json\/wp\/v2\/categories?post=512096"},{"taxonomy":"post_tag","embeddable":true,"href":"http:\/\/desarrollo.grupomedios.com\/futbol\/wp-json\/wp\/v2\/tags?post=512096"}],"curies":[{"name":"wp","href":"https:\/\/api.w.org\/{rel}","templated":true}]}}