{"id":512100,"date":"2017-12-13T20:43:27","date_gmt":"2017-12-14T02:43:27","guid":{"rendered":"https:\/\/www.futboltotal.com.mx\/?p=512100"},"modified":"2017-12-13T20:43:27","modified_gmt":"2017-12-14T02:43:27","slug":"independiente-campeon-la-copa-sudamericana-2017","status":"publish","type":"post","link":"http:\/\/desarrollo.grupomedios.com\/futbol\/futbol-internacional\/independiente-campeon-la-copa-sudamericana-2017\/2017\/12","title":{"rendered":"Independiente, campe\u00f3n de la Copa Sudamericana 2017"},"content":{"rendered":"<p><strong>POR: EFE<\/strong><\/p>\n<p><span id=\"ctl14_lblMostra\">El <strong>Independiente<\/strong> argentino, con un empate 1-1 a domicilio con el <strong>Flamengo<\/strong> brasile\u00f1o, conquist\u00f3 hoy el t\u00edtulo de la Copa Sudamericana y repiti\u00f3 la haza\u00f1a de 1995, cuando ante el mismo adversario y tambi\u00e9n en el m\u00edtico Maracan\u00e1 se qued\u00f3 con el t\u00edtulo de la Supercopa Sudamericana.<\/span><\/p>\n<p>El &#8220;Rey de Copas&#8221;, que hab\u00eda vencido por 2-1 en el partido de ida de la final la semana pasada en Buenos Aires, supo administrar este mi\u00e9rcoles en R\u00edo de Janeiro un empate que le permiti\u00f3 conquistar otro t\u00edtulo internacional tras siete a\u00f1os de ayuno y sumar su segunda Copa Sudamericana a la que conquist\u00f3 en 2010.<\/p>\n<p>El club m\u00e1s popular de Brasil, que jug\u00f3 a gusto en un Maracan\u00e1 abarrotado al que asistieron 62.567 espectadores, de los que s\u00f3lo 4.000 eran argentinos, abri\u00f3 el marcador a los 30 minutos del primer tiempo por intermedio del joven Lucas Paquet\u00e1, su mejor jugador en la cancha.<\/p>\n<p>La dicha dur\u00f3 poco porque el Independiente empat\u00f3 nueve minutos despu\u00e9s con un penalti que sufri\u00f3 Maximiliano Meza y convirti\u00f3 impecablemente Ezequiel Barco.<\/p>\n<p style=\"text-align: center;\"><span id=\"ctl14_lblMostra\"><span style=\"color: #333399;\"><a href=\"https:\/\/www.futboltotal.com.mx\/destacado-home\/al-jazira-1-real-madrid-2-mundial-de-clubes-cronica-2017\/2017\/12\">VER M\u00c1S: <span class=\"item-title\">Real Madrid sufre pero avanza a la final del \u2018Mundialito\u2019<\/span><\/a><\/span><\/span><\/p>\n<p style=\"text-align: left;\"><span id=\"ctl14_lblMostra\">Como campe\u00f3n de la Sudamericana, el Independiente garantiz\u00f3 un cupo en la Libertadores del pr\u00f3ximo a\u00f1o y tendr\u00e1 derecho a jugar la Recopa Sudamericana frente al Gremio brasile\u00f1o, flamante campe\u00f3n de la Libertadores.<\/span><\/p>\n<p>El Flamengo hizo sentir desde el comienzo que era el due\u00f1o de la casa y, con el apoyo de la hinchada en el Maracan\u00e1, fue el m\u00e1s osado en los primeros minutos, en los que Felipe Vizeu hasta se atrevi\u00f3 a un disparo desde lejos pero sin punter\u00eda.<\/p>\n<p>La decisi\u00f3n del t\u00e9cnico del conjunto carioca, el colombiano Reinaldo Rueda, de poner a tres delanteros en su alineaci\u00f3n se reflej\u00f3 en un claro dominio de los locales en el primer tiempo, mientras que los dirigidos por Ariel Holan se limitaban a intentar contragolpes.<\/p>\n<p>Con Vizeu claramente adelantado, Everton abierto a la izquierda y <strong>Lucas Paquet\u00e1<\/strong> en la punta derecha, el equipo brasile\u00f1o llev\u00f3 constantemente peligro a la porter\u00eda defendida por Mart\u00edn Campa\u00f1a.<\/p>\n<p style=\"text-align: left;\"><span id=\"ctl14_lblMostra\"><br \/>\n<iframe loading=\"lazy\" src=\"https:\/\/www.youtube.com\/embed\/fBsIwnnx-sA\" frameborder=\"0\" allowfullscreen=\"allowfullscreen\"><\/iframe><\/span><\/p>\n<p>En la oportunidad m\u00e1s clara, a los 12 minutos, Vizeu hizo un pase de profundidad que Diego desaprovech\u00f3 solo frente al portero, y dos minutos despu\u00e9s Lucas Paquet\u00e1 ingres\u00f3 solo al \u00e1rea del Independiente y, tras eludir a dos adversarios, tampoco supo definir.<\/p>\n<p>Tras veinte minutos de pleno dominio del Flamengo, el Diablo Rojo se fue soltando m\u00e1s en la cancha, avanzando sus l\u00edneas y llegando con m\u00e1s frecuencia a la porter\u00eda de C\u00e9sar.<\/p>\n<p>Mart\u00edn Ben\u00edtez, que por poco fue sacrificado por Holan para reformar su defensa, y Emmanuel Gigliotti fueron los m\u00e1s peligrosos en las veces en que el Independiente pas\u00f3 de la mitad de la cancha.<\/p>\n<p>Pero la reacci\u00f3n del Independiente dur\u00f3 poco porque a los 30 minutos el juvenil Paquet\u00e1 aprovech\u00f3 una confusi\u00f3n en el \u00e1rea tras el cobro de un tiro libre por parte de Diego para abrir el marcador y despertar a un Maracan\u00e1 que parec\u00eda adormilado con el despertar argentino.<\/p>\n<p>La euforia en el templo del f\u00fatbol brasile\u00f1o dur\u00f3 poco porque, tras un penalti que sufri\u00f3 Meza cuando avanzaba hacia la porter\u00eda del Flamengo, <strong>Ezequiel Barco<\/strong> cobr\u00f3 de forma imparable hacia la izquierda e igual\u00f3 el marcador en el minuto 39.<\/p>\n<p>A esa altura, Holan ya hab\u00eda sacrificado definitivamente a Ben\u00edtez para reforzar la defensa con Albertengo, lo que le permiti\u00f3 administrar con tranquilidad el resto del primer tiempo.<\/p>\n<p>Para la segunda mitad, el Flamengo volvi\u00f3 a volcarse sobre la porter\u00eda del Independiente y llev\u00f3 peligrosidad tanto con Paquet\u00e1 como con Vizeu, peros los visitantes supieron defenderse con tranquilidad y comenzaron a cadenciar el partido y a demorar la puesta del bal\u00f3n en juego.<\/p>\n<p>Rueda, urgido de una victoria, mand\u00f3 a la cancha en el minuto 56 al joven Vinicius Junior, el fichaje millonario del Real Madrid, en el lugar del lateral peruano Miguel Trauco, con lo que se lanz\u00f3 totalmente al ataque con cuatro delanteros.<\/p>\n<p>El Independiente percibi\u00f3 la vulnerabilidad en la zaga brasile\u00f1a y comenz\u00f3 a lanzarse en peligrosos contragolpes, en uno de los cuales Gigliotti por poco pone en ventaja a los visitantes con una vaselina que super\u00f3 a C\u00e9sar y que Juan sac\u00f3 milagrosamente.<\/p>\n<p>Durante pr\u00e1cticamente todo el segundo tiempo, el Independiente se dedic\u00f3 a administrar el empate y a salir en contragolpes que silenciaban por segundos el Maracan\u00e1 ante un Flamengo que insisti\u00f3 hasta el final y que lleg\u00f3 a tener cinco delanteros en la cancha, con la entrada de Everton Ribeiro.<\/p>\n<p>Pero ni la presi\u00f3n dentro de la cancha ni el apoyo de la fiel hinchada en el Maracan\u00e1 ayudaron al Flamengo a remontar la derrota que sufri\u00f3 en Buenos Aires y a Rueda a ganar su primer t\u00edtulo en Brasil.<\/p>\n<p>&nbsp;<\/p>\n","protected":false},"excerpt":{"rendered":"<p>La escuadra argentina gan\u00f3 el t\u00edtulo, tras vencer en el global al Flamengo<\/p>\n","protected":false},"author":160,"featured_media":512101,"comment_status":"closed","ping_status":"closed","sticky":false,"template":"","format":"standard","meta":[],"categories":[3839],"tags":[2092,755,169],"_links":{"self":[{"href":"http:\/\/desarrollo.grupomedios.com\/futbol\/wp-json\/wp\/v2\/posts\/512100"}],"collection":[{"href":"http:\/\/desarrollo.grupomedios.com\/futbol\/wp-json\/wp\/v2\/posts"}],"about":[{"href":"http:\/\/desarrollo.grupomedios.com\/futbol\/wp-json\/wp\/v2\/types\/post"}],"author":[{"embeddable":true,"href":"http:\/\/desarrollo.grupomedios.com\/futbol\/wp-json\/wp\/v2\/users\/160"}],"replies":[{"embeddable":true,"href":"http:\/\/desarrollo.grupomedios.com\/futbol\/wp-json\/wp\/v2\/comments?post=512100"}],"version-history":[{"count":1,"href":"http:\/\/desarrollo.grupomedios.com\/futbol\/wp-json\/wp\/v2\/posts\/512100\/revisions"}],"predecessor-version":[{"id":512102,"href":"http:\/\/desarrollo.grupomedios.com\/futbol\/wp-json\/wp\/v2\/posts\/512100\/revisions\/512102"}],"wp:featuredmedia":[{"embeddable":true,"href":"http:\/\/desarrollo.grupomedios.com\/futbol\/wp-json\/wp\/v2\/media\/512101"}],"wp:attachment":[{"href":"http:\/\/desarrollo.grupomedios.com\/futbol\/wp-json\/wp\/v2\/media?parent=512100"}],"wp:term":[{"taxonomy":"category","embeddable":true,"href":"http:\/\/desarrollo.grupomedios.com\/futbol\/wp-json\/wp\/v2\/categories?post=512100"},{"taxonomy":"post_tag","embeddable":true,"href":"http:\/\/desarrollo.grupomedios.com\/futbol\/wp-json\/wp\/v2\/tags?post=512100"}],"curies":[{"name":"wp","href":"https:\/\/api.w.org\/{rel}","templated":true}]}}