{"id":512106,"date":"2017-12-14T09:09:40","date_gmt":"2017-12-14T15:09:40","guid":{"rendered":"https:\/\/www.futboltotal.com.mx\/?p=512106"},"modified":"2017-12-14T09:10:19","modified_gmt":"2017-12-14T15:10:19","slug":"piojo-herrera-molesto-porque-no-le-prestan-jugadores-a-america","status":"publish","type":"post","link":"http:\/\/desarrollo.grupomedios.com\/futbol\/futbol-mexicano\/piojo-herrera-molesto-porque-no-le-prestan-jugadores-a-america\/2017\/12","title":{"rendered":"Piojo Herrera, molesto porque no le prestan jugadores a Am\u00e9rica"},"content":{"rendered":"<p><strong>POR: STAFF FT<\/strong><\/p>\n<p>El estratega de las <strong>\u00c1guilas del Am\u00e9rica, Miguel &#8216;Piojo&#8217; Herrera<\/strong> se mostr\u00f3 molesto porque no logr\u00f3 que a su equipo le vendieran o prestaran futbolista e indic\u00f3 que a los dem\u00e1s clubes si hacen ese tipo de concesiones en el Draft del futbol mexicano, adem\u00e1s que la inflaci\u00f3n de precios solo se da con el cuadro de <strong>Coapa<\/strong>, por lo que tendr\u00e1 que buscar en el extranjero.<\/p>\n<p>\u201c<strong>Vienes ac\u00e1 y no hay equipos que te vendan ni que te presten. Todo mundo se presta jugadores y a nosotros no entendemos por qu\u00e9 no nos quieren reforzar<\/strong>, es un equipo fuerte y de repente no nos quieren reforzar. <strong>Preguntas por un jugador y hay cifras que est\u00e1n fuera de la realidad.<\/strong> Estamos muy conscientes que la gente que traigamos ser\u00e1 de fuera. Traemos a dos mexicanos que me parece que nos funcionar\u00e1n\u201d, expres\u00f3 el estratega al final del r\u00e9gimen de transferencias.<\/p>\n<p style=\"text-align: center;\"><a href=\"https:\/\/www.futboltotal.com.mx\/futbol-mexicano\/liga-mx\/tigres-rechaza-vender-a-ismael-sosa-lucas-zelarayan\/2017\/12\">VER M\u00c1S: Tigres rechaza vender a Ismael Sosa y Lucas Zelaray\u00e1n<\/a><\/p>\n<p>\u201cNecesitamos un \u20189\u2019 que nos ayude a hacer goles, que complete bien la situaci\u00f3n con el \u2018<strong>Cepillo<\/strong>\u2019, con<strong>\u00a0Henry\u00a0<\/strong>y el \u2018<strong>G\u00fcero\u2019 D\u00edaz<\/strong>\u201d, indic\u00f3 el estratega por lo que van a buscar un refuerzo en el extranjero, es decir un &#8216;killer&#8217; que pueda ocupar la posible salida de Silvio Romero.<\/p>\n<p>Al respecto de estos tres nombres;\u00a0<strong>Darwin Quintero<\/strong>,\u00a0<strong>Cecilio Dom\u00ednguez\u00a0<\/strong>y\u00a0<strong>Silvio Romero,\u00a0<\/strong>indic\u00f3 que al momento ninguno est\u00e1 fuera, pero indic\u00f3 que el delantero argentino ser\u00eda el m\u00e1s buscado y el principal para dejar el plantel.<\/p>\n<p>\u201cVamos a seguir hablando, ahora no sali\u00f3 nadie y mientras no salga algo, seguir\u00e1n con nosotros. Entran en planes mientras no salga algo por ellos. <strong>Silvio ha sido muy asediado, muchos clubes nos han preguntado por \u00e9l y ser\u00eda el jugador que podr\u00eda salir<\/strong>\u201d, estableci\u00f3.<\/p>\n<p style=\"text-align: center;\"><a href=\"https:\/\/www.futboltotal.com.mx\/futbol-mexicano\/liga-mx\/tres-america-las-aguilas-ya-a-sus-refuerzos\/2017\/12\">ver m\u00e1s: \u00a1Tres para el Am\u00e9rica! Las \u00c1guilas ya tienen a sus refuerzos<\/a><\/p>\n","protected":false},"excerpt":{"rendered":"<p>El cuadro de las \u00c1guilas dever\u00e1 buscar en el extranjero a un delantero<\/p>\n","protected":false},"author":159,"featured_media":512107,"comment_status":"closed","ping_status":"closed","sticky":false,"template":"","format":"standard","meta":[],"categories":[2198,3845],"tags":[5959,7881,284,64,255,6157,6803],"_links":{"self":[{"href":"http:\/\/desarrollo.grupomedios.com\/futbol\/wp-json\/wp\/v2\/posts\/512106"}],"collection":[{"href":"http:\/\/desarrollo.grupomedios.com\/futbol\/wp-json\/wp\/v2\/posts"}],"about":[{"href":"http:\/\/desarrollo.grupomedios.com\/futbol\/wp-json\/wp\/v2\/types\/post"}],"author":[{"embeddable":true,"href":"http:\/\/desarrollo.grupomedios.com\/futbol\/wp-json\/wp\/v2\/users\/159"}],"replies":[{"embeddable":true,"href":"http:\/\/desarrollo.grupomedios.com\/futbol\/wp-json\/wp\/v2\/comments?post=512106"}],"version-history":[{"count":2,"href":"http:\/\/desarrollo.grupomedios.com\/futbol\/wp-json\/wp\/v2\/posts\/512106\/revisions"}],"predecessor-version":[{"id":512109,"href":"http:\/\/desarrollo.grupomedios.com\/futbol\/wp-json\/wp\/v2\/posts\/512106\/revisions\/512109"}],"wp:featuredmedia":[{"embeddable":true,"href":"http:\/\/desarrollo.grupomedios.com\/futbol\/wp-json\/wp\/v2\/media\/512107"}],"wp:attachment":[{"href":"http:\/\/desarrollo.grupomedios.com\/futbol\/wp-json\/wp\/v2\/media?parent=512106"}],"wp:term":[{"taxonomy":"category","embeddable":true,"href":"http:\/\/desarrollo.grupomedios.com\/futbol\/wp-json\/wp\/v2\/categories?post=512106"},{"taxonomy":"post_tag","embeddable":true,"href":"http:\/\/desarrollo.grupomedios.com\/futbol\/wp-json\/wp\/v2\/tags?post=512106"}],"curies":[{"name":"wp","href":"https:\/\/api.w.org\/{rel}","templated":true}]}}