{"id":512145,"date":"2017-12-14T12:40:08","date_gmt":"2017-12-14T18:40:08","guid":{"rendered":"https:\/\/www.futboltotal.com.mx\/?p=512145"},"modified":"2017-12-14T12:40:08","modified_gmt":"2017-12-14T18:40:08","slug":"aseguran-ronaldinho-sera-candidato-a-senador-en-brasil","status":"publish","type":"post","link":"http:\/\/desarrollo.grupomedios.com\/futbol\/futbol-internacional\/aseguran-ronaldinho-sera-candidato-a-senador-en-brasil\/2017\/12","title":{"rendered":"Aseguran que Ronaldinho ser\u00e1 candidato a Senador en Brasil"},"content":{"rendered":"<p>La prensa brasile\u00f1a volvi\u00f3 a hacerse eco este jueves de los rumores en torno a <strong>Ronaldinho Ga\u00facho<\/strong>, de quien se afirma que ser\u00e1 candidato a senador en las elecciones que se celebrar\u00e1n en octubre pr\u00f3ximo en <strong>Brasil<\/strong>.<\/p>\n<p>Las versiones sobre la posible candidatura del exfutbolista han sido recogidas ahora por el <em>diario O Globo<\/em>, que lo sit\u00faa como firme aspirante a un esca\u00f1o en el Senado por el partido Patriota, una formaci\u00f3n de ultraderecha que postular\u00e1 a la Presidencia al diputado Jair Bolsonaro, un pol\u00e9mico capit\u00e1n del Ej\u00e9rcito en retiro.<\/p>\n<p>Seg\u00fan el peri\u00f3dico carioca, Ronaldinho Ga\u00facho formalizar\u00e1 tanto su inscripci\u00f3n en el partido como su candidatura al Senado en marzo pr\u00f3ximo y se presentar\u00e1 como representante del <strong>estado de Minas Gerais<\/strong>, sede del <strong>Atl\u00e9tico Mineiro<\/strong>, en el que jug\u00f3 entre 2012 y 2014.<\/p>\n<p style=\"text-align: center;\"><span style=\"color: #3366ff;\"><a href=\"https:\/\/www.futboltotal.com.mx\/futbol-internacional\/liga-de-francia-futbol-internacional\/roban-casa-unai-emery-tecnico-del-psg-se-llevan-camisetas-neymar\/2017\/12\">VER M\u00c1S: Roban casa de Unai Emery, DT del PSG, y se llevan camisetas de Neymar<\/a><\/span><\/p>\n<p>El exfutbolista, sin embargo, no hecho ninguna declaraci\u00f3n sobre esas conjeturas, que se ventilan desde mediados de este a\u00f1o pero han cobrado fuerza en las \u00faltimas semanas.<\/p>\n<p>Si as\u00ed fuera, y si Ronaldinho llegase al Senado, se encontrar\u00eda en ese organismo legislativo con <strong>Romario de Souza Far\u00eda<\/strong>, otro de los m\u00e1s importantes futbolistas brasile\u00f1os de las \u00faltimas d\u00e9cadas, que ocupa un esca\u00f1o en la <strong>C\u00e1mara Alta<\/strong> desde 2015.<\/p>\n<p>Ronaldinho, quien actualmente se desempe\u00f1a como embajador del <strong>FC Barcelona<\/strong>, en el que milit\u00f3 entre 2003 y 2008, en pleno esplendor de su carrera, se dedica ahora a jugar partidos con fines ben\u00e9ficos, como uno que disput\u00f3 el pasado domingo con viejas glorias del f\u00fatbol brasile\u00f1o. EFE<\/p>\n","protected":false},"excerpt":{"rendered":"<p>El brasile\u00f1o aun no hace oficial su retiro del futbol.<\/p>\n","protected":false},"author":129,"featured_media":500046,"comment_status":"closed","ping_status":"closed","sticky":false,"template":"","format":"standard","meta":[],"categories":[3839],"tags":[6009,5997],"_links":{"self":[{"href":"http:\/\/desarrollo.grupomedios.com\/futbol\/wp-json\/wp\/v2\/posts\/512145"}],"collection":[{"href":"http:\/\/desarrollo.grupomedios.com\/futbol\/wp-json\/wp\/v2\/posts"}],"about":[{"href":"http:\/\/desarrollo.grupomedios.com\/futbol\/wp-json\/wp\/v2\/types\/post"}],"author":[{"embeddable":true,"href":"http:\/\/desarrollo.grupomedios.com\/futbol\/wp-json\/wp\/v2\/users\/129"}],"replies":[{"embeddable":true,"href":"http:\/\/desarrollo.grupomedios.com\/futbol\/wp-json\/wp\/v2\/comments?post=512145"}],"version-history":[{"count":2,"href":"http:\/\/desarrollo.grupomedios.com\/futbol\/wp-json\/wp\/v2\/posts\/512145\/revisions"}],"predecessor-version":[{"id":512149,"href":"http:\/\/desarrollo.grupomedios.com\/futbol\/wp-json\/wp\/v2\/posts\/512145\/revisions\/512149"}],"wp:featuredmedia":[{"embeddable":true,"href":"http:\/\/desarrollo.grupomedios.com\/futbol\/wp-json\/wp\/v2\/media\/500046"}],"wp:attachment":[{"href":"http:\/\/desarrollo.grupomedios.com\/futbol\/wp-json\/wp\/v2\/media?parent=512145"}],"wp:term":[{"taxonomy":"category","embeddable":true,"href":"http:\/\/desarrollo.grupomedios.com\/futbol\/wp-json\/wp\/v2\/categories?post=512145"},{"taxonomy":"post_tag","embeddable":true,"href":"http:\/\/desarrollo.grupomedios.com\/futbol\/wp-json\/wp\/v2\/tags?post=512145"}],"curies":[{"name":"wp","href":"https:\/\/api.w.org\/{rel}","templated":true}]}}