{"id":512150,"date":"2017-12-14T14:25:00","date_gmt":"2017-12-14T20:25:00","guid":{"rendered":"https:\/\/www.futboltotal.com.mx\/?p=512150"},"modified":"2017-12-14T14:25:00","modified_gmt":"2017-12-14T20:25:00","slug":"neyamr-revela-que-peor-jugador-del-mundo-es-camilo-zuniga","status":"publish","type":"post","link":"http:\/\/desarrollo.grupomedios.com\/futbol\/futbol-internacional\/neyamr-revela-que-peor-jugador-del-mundo-es-camilo-zuniga\/2017\/12","title":{"rendered":"Neymar: &#8220;el peor jugador del mundo es Camilo Z\u00fa\u00f1iga&#8221;"},"content":{"rendered":"<p><strong>POR: STAFF FT<\/strong><\/p>\n<p><strong>Neymar<\/strong> aprovech\u00f3 su estancia en <strong>Brasil<\/strong> por problemas personales para pasar algunos momentos con personajes de su pa\u00eds, entre ellos un famoso youtuber, donde confes\u00f3 cu\u00e1l es el futbolistas al que considera el peor del mundo. El crack de <strong>Paris Saint-Germain<\/strong> dej\u00f3 entrever que a\u00fan le duele lo que sucedi\u00f3 hace casi cuatro a\u00f1os.<\/p>\n<p>El jugador brasile\u00f1o estivo en el\u00a0<strong><\/strong>m\u00e1s reciente video de<strong>\u00a0Hotel Mazzafera.\u00a0<\/strong>En este se hace una din\u00e1mica en la que se preguntan cosas importantes y les dan la opci\u00f3n de comer algo raro o contestar. Algunas de las preguntas fueron si ten\u00eda una relaci\u00f3n con la cantante <strong>Demi Lovato<\/strong>, que si alguno de sus amigos era mujeriego y quien era el peor jugador que hab\u00eda en el<strong> PSG,<\/strong>\u00a0ninguna de estas quiso contestar y le toc\u00f3 comer grillos entre otros platos ex\u00f3ticos.<\/p>\n<p style=\"text-align: center;\"><a href=\"https:\/\/www.futboltotal.com.mx\/futbol-mexicano\/liga-mx\/pumas-cerca-fichar-a-raul-gudino\/2017\/12\">VER M\u00c1S: Pumas, cerca de fichar a Ra\u00fal Gudi\u00f1o<\/a><\/p>\n<p>Sin embargo, si dio una respuesta a la pregunta de cu\u00e1l era el peor jugador del mundo y se\u00f1al\u00f3 al colombiano\u00a0<strong>Camilo Z\u00fa\u00f1iga<\/strong>, futbolista de Atl\u00e9tico Nacional quien lo lesionara durante la <strong>Copa del Mundo de Brasil 2014<\/strong>.<\/p>\n<p><iframe loading=\"lazy\" src=\"https:\/\/www.youtube.com\/embed\/jWrUijtP7Xw?feature=oembed\" frameborder=\"0\" gesture=\"media\" allow=\"encrypted-media\" allowfullscreen><\/iframe><\/p>\n<p style=\"text-align: center;\"><a href=\"https:\/\/www.futboltotal.com.mx\/futbol-mexicano\/liga-mx\/pablo-aguilar-mejor-delantero-que-henry-martin\/2017\/12\">VER M\u00c1S: Pablo Aguilar, mejor \u2018delantero\u2019 que Henry Martin<\/a><\/p>\n","protected":false},"excerpt":{"rendered":"<p>El brasile\u00f1o mostr\u00f3 que a\u00fan guarda el recuerdo de su lesi\u00f3n<\/p>\n","protected":false},"author":159,"featured_media":512151,"comment_status":"closed","ping_status":"closed","sticky":false,"template":"","format":"standard","meta":[],"categories":[3839,9609],"tags":[5568,6001,1376],"_links":{"self":[{"href":"http:\/\/desarrollo.grupomedios.com\/futbol\/wp-json\/wp\/v2\/posts\/512150"}],"collection":[{"href":"http:\/\/desarrollo.grupomedios.com\/futbol\/wp-json\/wp\/v2\/posts"}],"about":[{"href":"http:\/\/desarrollo.grupomedios.com\/futbol\/wp-json\/wp\/v2\/types\/post"}],"author":[{"embeddable":true,"href":"http:\/\/desarrollo.grupomedios.com\/futbol\/wp-json\/wp\/v2\/users\/159"}],"replies":[{"embeddable":true,"href":"http:\/\/desarrollo.grupomedios.com\/futbol\/wp-json\/wp\/v2\/comments?post=512150"}],"version-history":[{"count":1,"href":"http:\/\/desarrollo.grupomedios.com\/futbol\/wp-json\/wp\/v2\/posts\/512150\/revisions"}],"predecessor-version":[{"id":512152,"href":"http:\/\/desarrollo.grupomedios.com\/futbol\/wp-json\/wp\/v2\/posts\/512150\/revisions\/512152"}],"wp:featuredmedia":[{"embeddable":true,"href":"http:\/\/desarrollo.grupomedios.com\/futbol\/wp-json\/wp\/v2\/media\/512151"}],"wp:attachment":[{"href":"http:\/\/desarrollo.grupomedios.com\/futbol\/wp-json\/wp\/v2\/media?parent=512150"}],"wp:term":[{"taxonomy":"category","embeddable":true,"href":"http:\/\/desarrollo.grupomedios.com\/futbol\/wp-json\/wp\/v2\/categories?post=512150"},{"taxonomy":"post_tag","embeddable":true,"href":"http:\/\/desarrollo.grupomedios.com\/futbol\/wp-json\/wp\/v2\/tags?post=512150"}],"curies":[{"name":"wp","href":"https:\/\/api.w.org\/{rel}","templated":true}]}}