{"id":512156,"date":"2017-12-14T15:12:04","date_gmt":"2017-12-14T21:12:04","guid":{"rendered":"https:\/\/www.futboltotal.com.mx\/?p=512156"},"modified":"2017-12-14T15:12:04","modified_gmt":"2017-12-14T21:12:04","slug":"arbitro-mexicano-cesar-ramos-pitara-final-del-mundial-clubes","status":"publish","type":"post","link":"http:\/\/desarrollo.grupomedios.com\/futbol\/futbol-internacional\/arbitro-mexicano-cesar-ramos-pitara-final-del-mundial-clubes\/2017\/12","title":{"rendered":"\u00c1rbitro mexicano C\u00e9sar Ramos pitar\u00e1 Final del Mundial de Clubes"},"content":{"rendered":"<p>El \u00e1rbitro mexicano <strong>C\u00e9sar Ramos<\/strong> ha sido designado para dirigir la final del <strong>Mundial de Clubes<\/strong> que el s\u00e1bado (11:00) disputar\u00e1n el<strong> Real Madrid<\/strong> y el <strong>Gremio<\/strong> brasile\u00f1o en el <strong>estadio Zayed Sports City de Abu Dabi<\/strong>, informa el club espa\u00f1ol.<\/p>\n<p>El colegiado mexicano ya dirigi\u00f3 en este torneo el encuentro de la segunda ronda entre el Al Jazira y el Urawa Red Diamonds, que acab\u00f3 1-0 para el campe\u00f3n de emirat\u00ed y del que sali\u00f3 el rival del Real Madrid en semifinales. EFE<\/p>\n<p style=\"text-align: center;\"><span style=\"color: #3366ff;\"><a href=\"https:\/\/www.futboltotal.com.mx\/futbol-mexicano\/liga-mx\/keisuke-honda-podria-marcharse-pachuca\/2017\/12\">VER M\u00c1S: Keisuke Honda podr\u00eda marcharse de Pachuca<\/a><\/span><\/p>\n<p>https:\/\/twitter.com\/realmadriden\/status\/941380460373999616<\/p>\n","protected":false},"excerpt":{"rendered":"<p>El mexicano ha sido elegido para el partido entre Real Madrid y Gremio.<\/p>\n","protected":false},"author":129,"featured_media":508426,"comment_status":"closed","ping_status":"closed","sticky":false,"template":"","format":"standard","meta":[],"categories":[3839,11040],"tags":[4751,2685,415,5988],"_links":{"self":[{"href":"http:\/\/desarrollo.grupomedios.com\/futbol\/wp-json\/wp\/v2\/posts\/512156"}],"collection":[{"href":"http:\/\/desarrollo.grupomedios.com\/futbol\/wp-json\/wp\/v2\/posts"}],"about":[{"href":"http:\/\/desarrollo.grupomedios.com\/futbol\/wp-json\/wp\/v2\/types\/post"}],"author":[{"embeddable":true,"href":"http:\/\/desarrollo.grupomedios.com\/futbol\/wp-json\/wp\/v2\/users\/129"}],"replies":[{"embeddable":true,"href":"http:\/\/desarrollo.grupomedios.com\/futbol\/wp-json\/wp\/v2\/comments?post=512156"}],"version-history":[{"count":1,"href":"http:\/\/desarrollo.grupomedios.com\/futbol\/wp-json\/wp\/v2\/posts\/512156\/revisions"}],"predecessor-version":[{"id":512157,"href":"http:\/\/desarrollo.grupomedios.com\/futbol\/wp-json\/wp\/v2\/posts\/512156\/revisions\/512157"}],"wp:featuredmedia":[{"embeddable":true,"href":"http:\/\/desarrollo.grupomedios.com\/futbol\/wp-json\/wp\/v2\/media\/508426"}],"wp:attachment":[{"href":"http:\/\/desarrollo.grupomedios.com\/futbol\/wp-json\/wp\/v2\/media?parent=512156"}],"wp:term":[{"taxonomy":"category","embeddable":true,"href":"http:\/\/desarrollo.grupomedios.com\/futbol\/wp-json\/wp\/v2\/categories?post=512156"},{"taxonomy":"post_tag","embeddable":true,"href":"http:\/\/desarrollo.grupomedios.com\/futbol\/wp-json\/wp\/v2\/tags?post=512156"}],"curies":[{"name":"wp","href":"https:\/\/api.w.org\/{rel}","templated":true}]}}