{"id":512166,"date":"2017-12-14T17:45:14","date_gmt":"2017-12-14T23:45:14","guid":{"rendered":"https:\/\/www.futboltotal.com.mx\/?p=512166"},"modified":"2017-12-14T17:45:14","modified_gmt":"2017-12-14T23:45:14","slug":"emanuel-tito-villa-deja-al-queretaro-jugara-en-ascenso-mx","status":"publish","type":"post","link":"http:\/\/desarrollo.grupomedios.com\/futbol\/futbol-mexicano\/emanuel-tito-villa-deja-al-queretaro-jugara-en-ascenso-mx\/2017\/12","title":{"rendered":"Emanuel Tito Villa deja al Quer\u00e9taro y jugar\u00e1 en el Ascenso MX"},"content":{"rendered":"<p>Luego de aparecer en la lista de transferibles de<strong> Club Quer\u00e9taro<\/strong> para el <strong>Clausura 2018<\/strong>, el delantero argentino, <strong>Emmanuel Villa<\/strong> encontr\u00f3 lugar en el <strong>Ascenso MX<\/strong>, con los <strong>Toros de Celaya<\/strong>.<\/p>\n<p>Esta tarde durante el <strong>R\u00e9gimen de Transferencia<\/strong>, el equipo de los Toros dio a conocer la transferencia del delantero, dos veces campe\u00f3n de goleo individual en primera divisi\u00f3n, al cuadro guanajuatense en calidad de pr\u00e9stamo.<\/p>\n<p style=\"text-align: center;\"><span style=\"color: #3366ff;\"><a href=\"https:\/\/www.futboltotal.com.mx\/futbol-mexicano\/liga-mx\/pumas-cerca-fichar-a-raul-gudino\/2017\/12\">VER M\u00c1S: Pumas, cerca de fichar a Ra\u00fal Gudi\u00f1o<\/a><\/span><\/p>\n<p>https:\/\/twitter.com\/TorosCelayaCD\/status\/941424573341487106<\/p>\n<p>\u201cAtenci\u00f3n Toros Procedente de Quer\u00e9taro llega para romper las redes rivales el argentino naturalizado mexicano, @TitoVilla1982. \u00a1Bienvenido a Celaya, &#8216;Tito&#8217;! A defender con bravura y pasi\u00f3n nuestros colores. #TorosUnidosPorElAscenso\u201d, public\u00f3 en su cuenta oficial de Twitter el cuadro celayense.<\/p>\n<p>Tito lleg\u00f3 al balompi\u00e9 mexicano en 2006 con el Atlas. Un a\u00f1o m\u00e1s tarde fue fichado por <strong>Estudiantes Tecos<\/strong>, para que en el 2009, y tras un cort\u00f3 paso por la <strong>Premier League<\/strong>, pasara a <strong>Cruz Azul<\/strong>.<\/p>\n<p>En 2012 se convirti\u00f3 en jugador de <strong>Pumas<\/strong>, donde vivi\u00f3 uno de sus peores momentos en M\u00e9xico. Lleg\u00f3 a <strong>Tigre<\/strong> en 2013 y desde 2014 pas\u00f3 a ser de los Gallos Blancos.<\/p>\n","protected":false},"excerpt":{"rendered":"<p>El m\u00e1ximo goleador de Gallos pas\u00f3 al Celaya.<\/p>\n","protected":false},"author":129,"featured_media":512168,"comment_status":"closed","ping_status":"closed","sticky":false,"template":"","format":"standard","meta":[],"categories":[3843,2198],"tags":[432,2502,196,64,5973],"_links":{"self":[{"href":"http:\/\/desarrollo.grupomedios.com\/futbol\/wp-json\/wp\/v2\/posts\/512166"}],"collection":[{"href":"http:\/\/desarrollo.grupomedios.com\/futbol\/wp-json\/wp\/v2\/posts"}],"about":[{"href":"http:\/\/desarrollo.grupomedios.com\/futbol\/wp-json\/wp\/v2\/types\/post"}],"author":[{"embeddable":true,"href":"http:\/\/desarrollo.grupomedios.com\/futbol\/wp-json\/wp\/v2\/users\/129"}],"replies":[{"embeddable":true,"href":"http:\/\/desarrollo.grupomedios.com\/futbol\/wp-json\/wp\/v2\/comments?post=512166"}],"version-history":[{"count":1,"href":"http:\/\/desarrollo.grupomedios.com\/futbol\/wp-json\/wp\/v2\/posts\/512166\/revisions"}],"predecessor-version":[{"id":512169,"href":"http:\/\/desarrollo.grupomedios.com\/futbol\/wp-json\/wp\/v2\/posts\/512166\/revisions\/512169"}],"wp:featuredmedia":[{"embeddable":true,"href":"http:\/\/desarrollo.grupomedios.com\/futbol\/wp-json\/wp\/v2\/media\/512168"}],"wp:attachment":[{"href":"http:\/\/desarrollo.grupomedios.com\/futbol\/wp-json\/wp\/v2\/media?parent=512166"}],"wp:term":[{"taxonomy":"category","embeddable":true,"href":"http:\/\/desarrollo.grupomedios.com\/futbol\/wp-json\/wp\/v2\/categories?post=512166"},{"taxonomy":"post_tag","embeddable":true,"href":"http:\/\/desarrollo.grupomedios.com\/futbol\/wp-json\/wp\/v2\/tags?post=512166"}],"curies":[{"name":"wp","href":"https:\/\/api.w.org\/{rel}","templated":true}]}}