{"id":512175,"date":"2017-12-14T18:54:19","date_gmt":"2017-12-15T00:54:19","guid":{"rendered":"https:\/\/www.futboltotal.com.mx\/?p=512175"},"modified":"2017-12-14T18:54:19","modified_gmt":"2017-12-15T00:54:19","slug":"angel-reyna-regresa-a-la-primera-division","status":"publish","type":"post","link":"http:\/\/desarrollo.grupomedios.com\/futbol\/destacado-home\/angel-reyna-regresa-a-la-primera-division\/2017\/12","title":{"rendered":"Angel Reyna regresa a la Primera Divisi\u00f3n"},"content":{"rendered":"<p><strong>POR: STAFF FT<\/strong><\/p>\n<p>El mediocampista <strong>Angel Reyna<\/strong> va a recibir una nueva oportunidad en el futbol de la Primera Divisi\u00f3n.<\/p>\n<p>Los <strong>Diablos Rojos del Toluca<\/strong> han anunciado la contrataci\u00f3n del centrocampista de 33 a\u00f1os para ser su nuevo refuerzo de forma temporal.<\/p>\n<p>Angel Reyna vestir\u00e1 su novena casaca en el futbol mexicano, despu\u00e9s de haber militado en <strong>San Luis, Am\u00e9rica, Necaxa, Monterrey, Pachuca, Veracruz, Chivas y Celaya<\/strong>.<\/p>\n<p style=\"text-align: center;\"><span style=\"color: #333399;\"><a href=\"https:\/\/www.futboltotal.com.mx\/futbol-mexicano\/emanuel-tito-villa-deja-al-queretaro-jugara-en-ascenso-mx\/2017\/12\">VER M\u00c1S: <span class=\"item-title\">Emanuel Tito Villa deja al Quer\u00e9taro y jugar\u00e1 en el Ascenso MX<\/span><\/a><\/span><\/p>\n<p>En el Draft de Transferencias del Ascenso MX termin\u00f3 de cerrarse el fichaje del mediocampista mexicano.<\/p>\n<p>&nbsp;<\/p>\n","protected":false},"excerpt":{"rendered":"<p>El mediocampista mexicano regresar\u00e1 al m\u00e1ximo circuito<\/p>\n","protected":false},"author":160,"featured_media":512177,"comment_status":"closed","ping_status":"closed","sticky":false,"template":"","format":"standard","meta":[],"categories":[3843,5,2198,3845],"tags":[1659,2502,1565,5975],"_links":{"self":[{"href":"http:\/\/desarrollo.grupomedios.com\/futbol\/wp-json\/wp\/v2\/posts\/512175"}],"collection":[{"href":"http:\/\/desarrollo.grupomedios.com\/futbol\/wp-json\/wp\/v2\/posts"}],"about":[{"href":"http:\/\/desarrollo.grupomedios.com\/futbol\/wp-json\/wp\/v2\/types\/post"}],"author":[{"embeddable":true,"href":"http:\/\/desarrollo.grupomedios.com\/futbol\/wp-json\/wp\/v2\/users\/160"}],"replies":[{"embeddable":true,"href":"http:\/\/desarrollo.grupomedios.com\/futbol\/wp-json\/wp\/v2\/comments?post=512175"}],"version-history":[{"count":1,"href":"http:\/\/desarrollo.grupomedios.com\/futbol\/wp-json\/wp\/v2\/posts\/512175\/revisions"}],"predecessor-version":[{"id":512178,"href":"http:\/\/desarrollo.grupomedios.com\/futbol\/wp-json\/wp\/v2\/posts\/512175\/revisions\/512178"}],"wp:featuredmedia":[{"embeddable":true,"href":"http:\/\/desarrollo.grupomedios.com\/futbol\/wp-json\/wp\/v2\/media\/512177"}],"wp:attachment":[{"href":"http:\/\/desarrollo.grupomedios.com\/futbol\/wp-json\/wp\/v2\/media?parent=512175"}],"wp:term":[{"taxonomy":"category","embeddable":true,"href":"http:\/\/desarrollo.grupomedios.com\/futbol\/wp-json\/wp\/v2\/categories?post=512175"},{"taxonomy":"post_tag","embeddable":true,"href":"http:\/\/desarrollo.grupomedios.com\/futbol\/wp-json\/wp\/v2\/tags?post=512175"}],"curies":[{"name":"wp","href":"https:\/\/api.w.org\/{rel}","templated":true}]}}