{"id":512179,"date":"2017-12-14T20:04:18","date_gmt":"2017-12-15T02:04:18","guid":{"rendered":"https:\/\/www.futboltotal.com.mx\/?p=512179"},"modified":"2017-12-14T20:04:18","modified_gmt":"2017-12-15T02:04:18","slug":"atlas-estrena-nuevo-portero-clausura-2018","status":"publish","type":"post","link":"http:\/\/desarrollo.grupomedios.com\/futbol\/futbol-mexicano\/atlas-estrena-nuevo-portero-clausura-2018\/2017\/12","title":{"rendered":"Atlas estrena nuevo portero para el Clausura 2018"},"content":{"rendered":"<p><strong>POR: STAFF FT<\/strong><\/p>\n<p>El <strong>Atlas<\/strong> ha hecho oficial la llegada del arquero chileno <strong>Cristopher Toselli<\/strong>, quien se convertir\u00e1 en el nuevo guardameta de la instituci\u00f3n rojinegra.<\/p>\n<p>Los atlistas han confirmado el fichaje por un a\u00f1o del portero, quien llegar\u00e1 a pr\u00e9stamo por un a\u00f1o de parte de la <strong>Universidad Cat\u00f3lica de Chile<\/strong>.<\/p>\n<p>Toselli es un arquero de 29 a\u00f1os que ha sido convocado para la selecci\u00f3n chilena, y se convierte en uno de los principales fichajes de <em>La Furia<\/em>.<\/p>\n<p style=\"text-align: center;\"><span style=\"color: #333399;\"><a href=\"https:\/\/www.futboltotal.com.mx\/futbol-mexicano\/america-ofrecio-10-mdd-2-jugadores-atlas\/2017\/12\">VER M\u00c1S: <span class=\"item-title\">Am\u00e9rica ofreci\u00f3 10 mdd por 2 jugadores de Atlas<\/span><\/a><\/span><\/p>\n<p>As\u00ed fue como Atlas dio a conocer el fichaje del experimentado arquero chileno.<\/p>\n<blockquote class=\"twitter-tweet\" data-lang=\"es\">\n<p dir=\"ltr\" lang=\"es\">Proveniente de <a href=\"https:\/\/twitter.com\/CruzadosSADP?ref_src=twsrc%5Etfw\">@CruzadosSADP<\/a>, llega a los Rojinegros a pr\u00e9stamo por un a\u00f1o, el experimentado arquero y seleccionado nacional chileno&#8230; \u00a1<a href=\"https:\/\/twitter.com\/Toselli23?ref_src=twsrc%5Etfw\">@Toselli23<\/a>!<\/p>\n<p>\u00a1Bienvenido a la Furia!<a href=\"https:\/\/twitter.com\/hashtag\/ToselliRojinegro?src=hash&amp;ref_src=twsrc%5Etfw\">#ToselliRojinegro<\/a> &#x1f534;\u26ab\ufe0f <a href=\"https:\/\/t.co\/QI9lboBUpx\">pic.twitter.com\/QI9lboBUpx<\/a><\/p>\n<p>\u2014 Atlas FC (@atlasfc) <a href=\"https:\/\/twitter.com\/atlasfc\/status\/941481922521387008?ref_src=twsrc%5Etfw\">15 de diciembre de 2017<\/a><\/p><\/blockquote>\n<p><script async src=\"https:\/\/platform.twitter.com\/widgets.js\" charset=\"utf-8\"><\/script><\/p>\n","protected":false},"excerpt":{"rendered":"<p>El arquero ha sido seleccionado de su pa\u00eds<\/p>\n","protected":false},"author":160,"featured_media":512180,"comment_status":"closed","ping_status":"closed","sticky":false,"template":"","format":"standard","meta":[],"categories":[2198,3845],"tags":[5961,7732],"_links":{"self":[{"href":"http:\/\/desarrollo.grupomedios.com\/futbol\/wp-json\/wp\/v2\/posts\/512179"}],"collection":[{"href":"http:\/\/desarrollo.grupomedios.com\/futbol\/wp-json\/wp\/v2\/posts"}],"about":[{"href":"http:\/\/desarrollo.grupomedios.com\/futbol\/wp-json\/wp\/v2\/types\/post"}],"author":[{"embeddable":true,"href":"http:\/\/desarrollo.grupomedios.com\/futbol\/wp-json\/wp\/v2\/users\/160"}],"replies":[{"embeddable":true,"href":"http:\/\/desarrollo.grupomedios.com\/futbol\/wp-json\/wp\/v2\/comments?post=512179"}],"version-history":[{"count":2,"href":"http:\/\/desarrollo.grupomedios.com\/futbol\/wp-json\/wp\/v2\/posts\/512179\/revisions"}],"predecessor-version":[{"id":512182,"href":"http:\/\/desarrollo.grupomedios.com\/futbol\/wp-json\/wp\/v2\/posts\/512179\/revisions\/512182"}],"wp:featuredmedia":[{"embeddable":true,"href":"http:\/\/desarrollo.grupomedios.com\/futbol\/wp-json\/wp\/v2\/media\/512180"}],"wp:attachment":[{"href":"http:\/\/desarrollo.grupomedios.com\/futbol\/wp-json\/wp\/v2\/media?parent=512179"}],"wp:term":[{"taxonomy":"category","embeddable":true,"href":"http:\/\/desarrollo.grupomedios.com\/futbol\/wp-json\/wp\/v2\/categories?post=512179"},{"taxonomy":"post_tag","embeddable":true,"href":"http:\/\/desarrollo.grupomedios.com\/futbol\/wp-json\/wp\/v2\/tags?post=512179"}],"curies":[{"name":"wp","href":"https:\/\/api.w.org\/{rel}","templated":true}]}}