{"id":512190,"date":"2017-12-15T10:05:29","date_gmt":"2017-12-15T16:05:29","guid":{"rendered":"https:\/\/www.futboltotal.com.mx\/?p=512190"},"modified":"2017-12-15T10:05:29","modified_gmt":"2017-12-15T16:05:29","slug":"brujita-veron-pide-a-mauro-boselli-regrese-a-estudiantes-la-plata","status":"publish","type":"post","link":"http:\/\/desarrollo.grupomedios.com\/futbol\/futbol-mexicano\/brujita-veron-pide-a-mauro-boselli-regrese-a-estudiantes-la-plata\/2017\/12","title":{"rendered":"Brujita Ver\u00f3n pide a Boselli regrese a Estudiantes de la Plata"},"content":{"rendered":"<p><strong>POR: STAFF FT<\/strong><\/p>\n<p>El delantero<strong> Mauro Boselli<\/strong> sin duda es un referente del<strong> Club Le\u00f3n<\/strong>, sin embargo parece que no le queda mucho tiempo con el cuadro de los Panzas Verdes pues un referente del futbol argentino como\u00a0<strong>Juan Sebasti\u00e1n &#8216;La Brujita&#8217; Ver\u00f3n<\/strong> le ha pedido que regrese a jugar a <strong>Estudiantes de la Plata.<\/strong><\/p>\n<p style=\"text-align: center;\"><a href=\"https:\/\/www.futboltotal.com.mx\/futbol-mexicano\/liga-mx\/river-plate-espera-respuesta-del-america-silvio-romero\/2017\/12\">VER M\u00c1S: River Plate espera respuesta del Am\u00e9rica por Silvio Romero<\/a><\/p>\n<p>&#8220;Tengo un contrato vigente por un a\u00f1o y medio m\u00e1s, y me parece l\u00f3gico intentar cumplirlo\u201d, indic\u00f3 el delantero, aunque de igual manera confes\u00f3 que mantiene contacto con el equipo argentino; &#8220;sigo en contacto con la gente de Estudiantes, soy parte de un chat con varios compa\u00f1eros que tuve y <strong>hace poco la Bruja (Juan Sebasti\u00e1n Ver\u00f3n) me dijo que no espere hasta los 35 o 36 para volver<\/strong>&#8220;, expres\u00f3 el delantero en entrevista con\u00a0Cielosports.<\/p>\n<p>Mauro Boselli expres\u00f3 lo que desea antes de marcharse de la Liga MX, &#8220;quiero cumplir ese objetivo (ser m\u00e1ximo anotador del Le\u00f3n -est\u00e1 a 30 goles-) lo antes posible y despu\u00e9s<strong> pensar en el regreso.<\/strong> Reci\u00e9n tengo 32. De Boca y de Estudiantes guardo los mejores recuerdos. Boca me hizo debutar y <strong>Estudiantes me consolid\u00f3 como jugador<\/strong>&#8220;, apunt\u00f3 el atacante. Por \u00faltimo indic\u00f3 que &#8220;ya llevo cinco a\u00f1os en este pa\u00eds y me siento muy c\u00f3modo. El Le\u00f3n es muy parecido a Estudiantes, en cuanto al concepto de club como familia, y eso es muy bueno&#8221;.<\/p>\n<p style=\"text-align: center;\"><a href=\"https:\/\/www.futboltotal.com.mx\/futbol-mexicano\/liga-mx\/america-ofrecio-10-mdd-2-jugadores-atlas\/2017\/12\">VER M\u00c1S: Am\u00e9rica ofreci\u00f3 10 mdd por 2 jugadores de Atlas<\/a><\/p>\n","protected":false},"excerpt":{"rendered":"<p>El equipo de argentina quiere ver el regreso del actual delantero de Le\u00f3n<\/p>\n","protected":false},"author":159,"featured_media":512191,"comment_status":"closed","ping_status":"closed","sticky":false,"template":"","format":"standard","meta":[],"categories":[2198,3845],"tags":[506,4159,64,3863],"_links":{"self":[{"href":"http:\/\/desarrollo.grupomedios.com\/futbol\/wp-json\/wp\/v2\/posts\/512190"}],"collection":[{"href":"http:\/\/desarrollo.grupomedios.com\/futbol\/wp-json\/wp\/v2\/posts"}],"about":[{"href":"http:\/\/desarrollo.grupomedios.com\/futbol\/wp-json\/wp\/v2\/types\/post"}],"author":[{"embeddable":true,"href":"http:\/\/desarrollo.grupomedios.com\/futbol\/wp-json\/wp\/v2\/users\/159"}],"replies":[{"embeddable":true,"href":"http:\/\/desarrollo.grupomedios.com\/futbol\/wp-json\/wp\/v2\/comments?post=512190"}],"version-history":[{"count":1,"href":"http:\/\/desarrollo.grupomedios.com\/futbol\/wp-json\/wp\/v2\/posts\/512190\/revisions"}],"predecessor-version":[{"id":512192,"href":"http:\/\/desarrollo.grupomedios.com\/futbol\/wp-json\/wp\/v2\/posts\/512190\/revisions\/512192"}],"wp:featuredmedia":[{"embeddable":true,"href":"http:\/\/desarrollo.grupomedios.com\/futbol\/wp-json\/wp\/v2\/media\/512191"}],"wp:attachment":[{"href":"http:\/\/desarrollo.grupomedios.com\/futbol\/wp-json\/wp\/v2\/media?parent=512190"}],"wp:term":[{"taxonomy":"category","embeddable":true,"href":"http:\/\/desarrollo.grupomedios.com\/futbol\/wp-json\/wp\/v2\/categories?post=512190"},{"taxonomy":"post_tag","embeddable":true,"href":"http:\/\/desarrollo.grupomedios.com\/futbol\/wp-json\/wp\/v2\/tags?post=512190"}],"curies":[{"name":"wp","href":"https:\/\/api.w.org\/{rel}","templated":true}]}}