{"id":512193,"date":"2017-12-15T10:35:06","date_gmt":"2017-12-15T16:35:06","guid":{"rendered":"https:\/\/www.futboltotal.com.mx\/?p=512193"},"modified":"2017-12-15T10:35:06","modified_gmt":"2017-12-15T16:35:06","slug":"xolos-tijuana-incorpora-a-mateus-goncalves","status":"publish","type":"post","link":"http:\/\/desarrollo.grupomedios.com\/futbol\/futbol-mexicano\/xolos-tijuana-incorpora-a-mateus-goncalves\/2017\/12","title":{"rendered":"Xolos de Tijuana incorpora a Mateus Gon\u00e7alves"},"content":{"rendered":"<p><strong>POR: STAFF FT<\/strong><\/p>\n<p>El conjunto de los <strong>Xolos de Tijuana<\/strong> inform\u00f3 que se hizo con los servicios del mediocampista ofensivo brasile\u00f1o,\u00a0<strong>Mateus Gon\u00e7alves<\/strong> <strong>Martins<\/strong>, quien formar\u00e1 parte del plantel como refuerzo de cara al torneo <strong>Clausura 2018<\/strong>, en donde tendr\u00e1n un nuevo estratega en <strong>Diego Cocca<\/strong>, adem\u00e1s de la incorporaci\u00f3n de<strong> Pablo Aguilar y Omar Mendoza.<\/strong><\/p>\n<p style=\"text-align: center;\"><a href=\"https:\/\/www.futboltotal.com.mx\/futbol-mexicano\/liga-mx\/america-ofrecio-10-mdd-2-jugadores-atlas\/2017\/12\">VER M\u00c1S: Am\u00e9rica ofreci\u00f3 10 mdd por 2 jugadores de Atlas<\/a><\/p>\n<p>El brasile\u00f1o fue fichado por el cuadro fronterizo y su \u00faltimo equipo fue el<strong> Deportivo Toluca<\/strong>, donde jug\u00f3 elbsin la posibilidad de tener mucha actividad, anteriormente estuvo en los extintos<strong> Jaguares de Chiapas<\/strong>, donde mostr\u00f3 sus cualidades como la velocidad y regate.<\/p>\n<blockquote class=\"twitter-tweet\" data-lang=\"es\">\n<p dir=\"ltr\" lang=\"es\">Welcome To Tijuana, <a href=\"https:\/\/twitter.com\/Mateus_Oficial0?ref_src=twsrc%5Etfw\">@Mateus_Oficial0<\/a>! <a href=\"https:\/\/twitter.com\/hashtag\/FuerzaTijuas?src=hash&amp;ref_src=twsrc%5Etfw\">#FuerzaTijuas<\/a> <a href=\"https:\/\/t.co\/bhVxa680HD\">pic.twitter.com\/bhVxa680HD<\/a><\/p>\n<p>\u2014 Xolos (@Xolos) <a href=\"https:\/\/twitter.com\/Xolos\/status\/941502522274988038?ref_src=twsrc%5Etfw\">15 de diciembre de 2017<\/a><\/p><\/blockquote>\n<p><script async src=\"https:\/\/platform.twitter.com\/widgets.js\" charset=\"utf-8\"><\/script><\/p>\n<p>El volante de 23 a\u00f1os debut\u00f3 en 2014 con el<strong> Palmeiras<\/strong> de su pa\u00eds posteriormente tuvo un paso por le futbol de Europa con el<strong>\u00a0Vit\u00f3ria Guimar\u00e3es<\/strong> de Portugal; a M\u00e9xico arrib\u00f3 con <strong>Coras de Tepic<\/strong> en el 2015, para despu\u00e9s llegar al cuadro de <strong>Pachuca<\/strong> y por \u00faltimo con los chiapanecos.<\/p>\n<p style=\"text-align: center;\"><a href=\"https:\/\/www.futboltotal.com.mx\/copa-mundial-de-futbol-2018\/noticias\/fifa-dejaria-a-espana-rusia-2018\">VER M\u00c1S: FIFA dejar\u00eda a Espa\u00f1a fuera de Rusia 2018<\/a><\/p>\n<p>&nbsp;<\/p>\n","protected":false},"excerpt":{"rendered":"<p>El brasile\u00f1o tendr\u00e1 su cuarto equipo en la Liga MX<\/p>\n","protected":false},"author":159,"featured_media":512194,"comment_status":"closed","ping_status":"closed","sticky":false,"template":"","format":"standard","meta":[],"categories":[2198,3845],"tags":[9028,64,11362,5975,1555],"_links":{"self":[{"href":"http:\/\/desarrollo.grupomedios.com\/futbol\/wp-json\/wp\/v2\/posts\/512193"}],"collection":[{"href":"http:\/\/desarrollo.grupomedios.com\/futbol\/wp-json\/wp\/v2\/posts"}],"about":[{"href":"http:\/\/desarrollo.grupomedios.com\/futbol\/wp-json\/wp\/v2\/types\/post"}],"author":[{"embeddable":true,"href":"http:\/\/desarrollo.grupomedios.com\/futbol\/wp-json\/wp\/v2\/users\/159"}],"replies":[{"embeddable":true,"href":"http:\/\/desarrollo.grupomedios.com\/futbol\/wp-json\/wp\/v2\/comments?post=512193"}],"version-history":[{"count":1,"href":"http:\/\/desarrollo.grupomedios.com\/futbol\/wp-json\/wp\/v2\/posts\/512193\/revisions"}],"predecessor-version":[{"id":512195,"href":"http:\/\/desarrollo.grupomedios.com\/futbol\/wp-json\/wp\/v2\/posts\/512193\/revisions\/512195"}],"wp:featuredmedia":[{"embeddable":true,"href":"http:\/\/desarrollo.grupomedios.com\/futbol\/wp-json\/wp\/v2\/media\/512194"}],"wp:attachment":[{"href":"http:\/\/desarrollo.grupomedios.com\/futbol\/wp-json\/wp\/v2\/media?parent=512193"}],"wp:term":[{"taxonomy":"category","embeddable":true,"href":"http:\/\/desarrollo.grupomedios.com\/futbol\/wp-json\/wp\/v2\/categories?post=512193"},{"taxonomy":"post_tag","embeddable":true,"href":"http:\/\/desarrollo.grupomedios.com\/futbol\/wp-json\/wp\/v2\/tags?post=512193"}],"curies":[{"name":"wp","href":"https:\/\/api.w.org\/{rel}","templated":true}]}}