{"id":512214,"date":"2017-12-15T14:14:42","date_gmt":"2017-12-15T20:14:42","guid":{"rendered":"https:\/\/www.futboltotal.com.mx\/?p=512214"},"modified":"2017-12-15T14:14:42","modified_gmt":"2017-12-15T20:14:42","slug":"marcelo-gallardo-pidio-a-lucas-zelarayan-river-plate","status":"publish","type":"post","link":"http:\/\/desarrollo.grupomedios.com\/futbol\/futbol-mexicano\/marcelo-gallardo-pidio-a-lucas-zelarayan-river-plate\/2017\/12","title":{"rendered":"Marcelo Gallardo pidi\u00f3 a Lucas Zelaray\u00e1n para River Plate"},"content":{"rendered":"<p><strong>POR: STAFF FT<\/strong><\/p>\n<p>El conjunto de <strong>River Plate<\/strong> tiene en la mira a la <strong>Liga MX<\/strong>, esto ha quedado demostrado con la lista que habr\u00eda entregado <strong>Marcelo Gallardo<\/strong> a su directiva para reforzar a los Millonarios para comenzar el 2018, el mediocampista de <strong>Tigres UANL, Lucas Zelaray\u00e1n<\/strong> ser\u00eda uno de sus principales objetivos.<\/p>\n<p>De acuerdo con TyC Sports, el<strong> &#8216;Mu\u00f1eco&#8217;<\/strong> habr\u00eda pedido al jugador de los <strong>Felinos<\/strong>, por quien ya intent\u00f3 el fichaje el pasado mercado de fichajes, de acuerdo con el portal argentino ya hubo contacto con el futbolista y <strong>en las pr\u00f3ximas horas presentar\u00e1n una oferta formal<\/strong>, aunque de acuerdo con la directiva <a href=\"https:\/\/www.futboltotal.com.mx\/futbol-mexicano\/liga-mx\/tigres-rechaza-vender-a-ismael-sosa-lucas-zelarayan\/2017\/12\" target=\"_blank\" rel=\"noopener\">universitaria hab\u00edan dicho que no lo dejar\u00edan partir ni a el y a <strong>Ismael Sosa<\/strong><\/a>.<\/p>\n<p style=\"text-align: center;\"><a href=\"https:\/\/www.futboltotal.com.mx\/futbol-mexicano\/liga-mx\/wesley-sneijder-seria-fichaje-bomba-de-queretaro\/2017\/12\">VER M\u00c1S: Wesley Sneijder ser\u00eda el fichaje bomba de Quer\u00e9taro<\/a><\/p>\n<p>Por otro lado, de acuerdo con la misma fuente tienen a otros dos jugadores del balompi\u00e9 azteca en la mira, uno de ellos ya muy conocido es el inter\u00e9s sobre <strong>Silvio Romero<\/strong>, delantero de las <strong>\u00c1guilas del Am\u00e9rica<\/strong> a quien apuntan ya dio el &#8216;s\u00ed&#8217; al estratega y est\u00e1n esperando llegar a un acuerdo entre directivas pues lo quiere sumar cuanto antes en la pretemporada.<\/p>\n<p>El \u00faltimo ser\u00eda <strong>Dami\u00e1n Musto<\/strong> quien apenas lleva seis meses en <strong>Xolos de Tijuana<\/strong> y solo se menciona que es del gusto para Gallardo y desea que se convierta en uno de sus refuerzos para el 2018.<\/p>\n<p style=\"text-align: center;\"><a href=\"https:\/\/www.futboltotal.com.mx\/futbol-mexicano\/liga-mx\/brujita-veron-pide-a-mauro-boselli-regrese-a-estudiantes-la-plata\/2017\/12\">VER M\u00c1S: Brujita Ver\u00f3n pide a Boselli regrese a Estudiantes de la Plata<\/a><\/p>\n","protected":false},"excerpt":{"rendered":"<p>El argentino s\u00ed desea salir del club Felino en busca de minutos <\/p>\n","protected":false},"author":159,"featured_media":512216,"comment_status":"closed","ping_status":"closed","sticky":false,"template":"","format":"standard","meta":[],"categories":[2198,3845],"tags":[5959,10769,64,8084,164,6803,570,1555],"_links":{"self":[{"href":"http:\/\/desarrollo.grupomedios.com\/futbol\/wp-json\/wp\/v2\/posts\/512214"}],"collection":[{"href":"http:\/\/desarrollo.grupomedios.com\/futbol\/wp-json\/wp\/v2\/posts"}],"about":[{"href":"http:\/\/desarrollo.grupomedios.com\/futbol\/wp-json\/wp\/v2\/types\/post"}],"author":[{"embeddable":true,"href":"http:\/\/desarrollo.grupomedios.com\/futbol\/wp-json\/wp\/v2\/users\/159"}],"replies":[{"embeddable":true,"href":"http:\/\/desarrollo.grupomedios.com\/futbol\/wp-json\/wp\/v2\/comments?post=512214"}],"version-history":[{"count":1,"href":"http:\/\/desarrollo.grupomedios.com\/futbol\/wp-json\/wp\/v2\/posts\/512214\/revisions"}],"predecessor-version":[{"id":512217,"href":"http:\/\/desarrollo.grupomedios.com\/futbol\/wp-json\/wp\/v2\/posts\/512214\/revisions\/512217"}],"wp:featuredmedia":[{"embeddable":true,"href":"http:\/\/desarrollo.grupomedios.com\/futbol\/wp-json\/wp\/v2\/media\/512216"}],"wp:attachment":[{"href":"http:\/\/desarrollo.grupomedios.com\/futbol\/wp-json\/wp\/v2\/media?parent=512214"}],"wp:term":[{"taxonomy":"category","embeddable":true,"href":"http:\/\/desarrollo.grupomedios.com\/futbol\/wp-json\/wp\/v2\/categories?post=512214"},{"taxonomy":"post_tag","embeddable":true,"href":"http:\/\/desarrollo.grupomedios.com\/futbol\/wp-json\/wp\/v2\/tags?post=512214"}],"curies":[{"name":"wp","href":"https:\/\/api.w.org\/{rel}","templated":true}]}}