{"id":512223,"date":"2017-12-15T14:44:06","date_gmt":"2017-12-15T20:44:06","guid":{"rendered":"https:\/\/www.futboltotal.com.mx\/?p=512223"},"modified":"2017-12-15T14:44:06","modified_gmt":"2017-12-15T20:44:06","slug":"eduardo-berizzo-regresa-al-futbol-tras-enfrentar-al-cancer-prostata","status":"publish","type":"post","link":"http:\/\/desarrollo.grupomedios.com\/futbol\/futbol-internacional\/eduardo-berizzo-regresa-al-futbol-tras-enfrentar-al-cancer-prostata\/2017\/12","title":{"rendered":"Eduardo Berizzo regresa al futbol, tras enfrentar al c\u00e1ncer de pr\u00f3stata"},"content":{"rendered":"<p><strong>POR: EFE<\/strong><\/p>\n<p><span id=\"ctl14_lblMostra\">El entrenador del <strong>Sevilla<\/strong>, el argentino <strong>Eduardo Berizzo<\/strong>, quien el pasado 28 de noviembre fue operado de un adenocarcinoma de pr\u00f3stata, vuelve este viernes a dirigir a su equipo desde el banquillo en el partido que disputa esta noche en el estadio <strong>Ram\u00f3n S\u00e1nchez Pizju\u00e1n<\/strong> ante el Levante.<\/p>\n<p>Berizzo dio este viernes la charla t\u00e9cnica a sus jugadores y dirigi\u00f3 en la ciudad deportiva el entrenamiento de horas antes del choque con la intenci\u00f3n de sentarse esta noche en el banquillo sevillista, lo que ha hecho.<\/p>\n<p>El argentino, tras la sesi\u00f3n preparatoria, se traslad\u00f3 junto a su equipo al hotel de concentraci\u00f3n, en el que fue recibido por el presidente de la entidad, Jos\u00e9 Castro, y el director deportivo, \u00d3scar Arias, y despu\u00e9s ya con la expedici\u00f3n al estadio para encuentro.<\/span><\/p>\n<p style=\"text-align: center;\"><span id=\"ctl14_lblMostra\"><span style=\"color: #333399;\"><a href=\"https:\/\/www.futboltotal.com.mx\/destacado-home\/wesley-sneijder-seria-fichaje-bomba-de-queretaro\/2017\/12\">VER M\u00c1S: <span class=\"item-title\">Wesley Sneijder ser\u00eda el fichaje bomba de Quer\u00e9taro<\/span><\/a><\/span><\/span><\/p>\n<p style=\"text-align: left;\"><span id=\"ctl14_lblMostra\"><span style=\"color: #333399;\"><\/span>Berizzo, que fue recibido con muchos aplausos e innumerables muestras de cari\u00f1o, dirigi\u00f3 su \u00faltimo partido en el S\u00e1nchez Pizju\u00e1n el pasado 21 de noviembre ante el Liverpool ingl\u00e9s en la Liga de Campeones y al d\u00eda siguiente se anunci\u00f3 su enfermedad.<\/p>\n<p>Pese a ello tambi\u00e9n dirigi\u00f3 al equipo al siguiente fin de semana en Villarreal, para ya dejarle el sitio despu\u00e9s a su segundo entrenador, el tambi\u00e9n argentino Ernesto Marcucci, en el partido de Copa de Rey ante el Cartagena, en el de LaLiga frente al Deportivo, en el de la &#8216;Champions&#8217; en Maribor (Eslovenia) y en el del pasado s\u00e1bado en el Santiago Bernab\u00e9u ante el Real Madrid. <\/span><\/p>\n","protected":false},"excerpt":{"rendered":"<p>El t\u00e9cnico argentino est\u00e1 de vuelta con la escuadra espa\u00f1ola<\/p>\n","protected":false},"author":160,"featured_media":512224,"comment_status":"closed","ping_status":"closed","sticky":false,"template":"","format":"standard","meta":[],"categories":[3839,3844],"tags":[9216,6945,1913],"_links":{"self":[{"href":"http:\/\/desarrollo.grupomedios.com\/futbol\/wp-json\/wp\/v2\/posts\/512223"}],"collection":[{"href":"http:\/\/desarrollo.grupomedios.com\/futbol\/wp-json\/wp\/v2\/posts"}],"about":[{"href":"http:\/\/desarrollo.grupomedios.com\/futbol\/wp-json\/wp\/v2\/types\/post"}],"author":[{"embeddable":true,"href":"http:\/\/desarrollo.grupomedios.com\/futbol\/wp-json\/wp\/v2\/users\/160"}],"replies":[{"embeddable":true,"href":"http:\/\/desarrollo.grupomedios.com\/futbol\/wp-json\/wp\/v2\/comments?post=512223"}],"version-history":[{"count":1,"href":"http:\/\/desarrollo.grupomedios.com\/futbol\/wp-json\/wp\/v2\/posts\/512223\/revisions"}],"predecessor-version":[{"id":512225,"href":"http:\/\/desarrollo.grupomedios.com\/futbol\/wp-json\/wp\/v2\/posts\/512223\/revisions\/512225"}],"wp:featuredmedia":[{"embeddable":true,"href":"http:\/\/desarrollo.grupomedios.com\/futbol\/wp-json\/wp\/v2\/media\/512224"}],"wp:attachment":[{"href":"http:\/\/desarrollo.grupomedios.com\/futbol\/wp-json\/wp\/v2\/media?parent=512223"}],"wp:term":[{"taxonomy":"category","embeddable":true,"href":"http:\/\/desarrollo.grupomedios.com\/futbol\/wp-json\/wp\/v2\/categories?post=512223"},{"taxonomy":"post_tag","embeddable":true,"href":"http:\/\/desarrollo.grupomedios.com\/futbol\/wp-json\/wp\/v2\/tags?post=512223"}],"curies":[{"name":"wp","href":"https:\/\/api.w.org\/{rel}","templated":true}]}}